{"id":20170,"date":"2026-03-13T01:29:43","date_gmt":"2026-03-13T01:29:43","guid":{"rendered":"https:\/\/infozamoraec.com\/?p=20170"},"modified":"2026-03-13T01:29:43","modified_gmt":"2026-03-13T01:29:43","slug":"serbia-confirma-que-posee-misiles-supersonicos-chinos","status":"publish","type":"post","link":"https:\/\/infozamoraec.com\/index.php\/2026\/03\/13\/serbia-confirma-que-posee-misiles-supersonicos-chinos\/","title":{"rendered":"Serbia confirma que posee misiles supers\u00f3nicos chinos"},"content":{"rendered":"<p>La televisi\u00f3n estatal serbia RTS asegur\u00f3 este jueves (12.03.2026) que Serbia se ha convertido en el primer pa\u00eds de Europa en obtener misiles bal\u00edsticos hipers\u00f3nicos, de producci\u00f3n china, tras comprar misiles aire-tierra del tipo CM-400 para sus cazas MiG-19.<\/p>\n<p>Fotos de estos misiles chinos en un MiG-29 de la Fuerza A\u00e9rea Serbia fueron publicadas esta semana por el foro militar online serbio &#8216;MyCity Military&#8217;.<\/p>\n<p>El presidente serbio Aleksandar Vucic confirm\u00f3 el jueves por la noche que su pa\u00eds posee los misiles supers\u00f3nicos chinos.<\/p>\n<p>\u00abTenemos cosas que no mostramos\u00bb, declar\u00f3 Vucic a la radiotelevisi\u00f3n nacional serbia cuando le preguntaron por el armamento.<\/p>\n<p>\u00abTenemos un n\u00famero importante de esos misiles y tendremos a\u00fan m\u00e1s\u00bb, a\u00f1adi\u00f3.<\/p>\n<p>Declin\u00f3 ofrecer m\u00e1s detalles, pero dijo que eran \u00abextremadamente caros\u00bb y \u00abextremadamente eficaces\u00bb.<\/p>\n<p>Considerados la versi\u00f3n de exportaci\u00f3n del YJ-12 chino, los expertos creen que los misiles pueden alcanzar velocidades hipers\u00f3nicaS.<\/p>\n<p>Estrechos lazos con Mosc\u00fa<br \/>\nSerbia, candidata para ingresar a la Uni\u00f3n Europea, es uno de los pocos pa\u00edses de los Balcanes Occidentales que no es miembro de la OTAN y ha invertido fuertemente en su Ej\u00e9rcito para \u00abpreservar la neutralidad\u00bb.<\/p>\n<p>Su compra m\u00e1s reciente conocida p\u00fablicamente fue un pedido de 12 cazas Rafale de fabricaci\u00f3n francesa por valor de 2.700 millones de euros (3.100 millones de d\u00f3lares).<\/p>\n<p>Belgrado tambi\u00e9n mantiene estrechos lazos con Mosc\u00fa, del que ha adquirido armas.<\/p>\n<p>En una regi\u00f3n desgarrada por la guerra en la d\u00e9cada de 1990, las im\u00e1genes del avi\u00f3n serbio armado con los nuevos misiles llamaron la atenci\u00f3n de sus vecinos.<\/p>\n<p>El primer ministro croata, Andrej Plenkovic, dijo que advertir\u00eda a la OTAN sobre \u00abeste tipo de armamento, que es nuevo en el arsenal del ej\u00e9rcito serbio\u00bb.<\/p>\n<p>jc (afp, efe)<\/p>\n","protected":false},"excerpt":{"rendered":"<p>La televisi\u00f3n estatal serbia RTS asegur\u00f3 este jueves (12.03.2026) que Serbia se ha convertido en el primer pa\u00eds de Europa en obtener misiles bal\u00edsticos hipers\u00f3nicos, de producci\u00f3n china, tras comprar misiles aire-tierra del tipo CM-400 para sus cazas MiG-19. Fotos de estos misiles chinos en un MiG-29 de la Fuerza A\u00e9rea Serbia fueron publicadas esta [&hellip;]<\/p>\n","protected":false},"author":1,"featured_media":20171,"comment_status":"open","ping_status":"open","sticky":false,"template":"","format":"standard","meta":{"footnotes":""},"categories":[8],"tags":[],"_links":{"self":[{"href":"https:\/\/infozamoraec.com\/index.php\/wp-json\/wp\/v2\/posts\/20170"}],"collection":[{"href":"https:\/\/infozamoraec.com\/index.php\/wp-json\/wp\/v2\/posts"}],"about":[{"href":"https:\/\/infozamoraec.com\/index.php\/wp-json\/wp\/v2\/types\/post"}],"author":[{"embeddable":true,"href":"https:\/\/infozamoraec.com\/index.php\/wp-json\/wp\/v2\/users\/1"}],"replies":[{"embeddable":true,"href":"https:\/\/infozamoraec.com\/index.php\/wp-json\/wp\/v2\/comments?post=20170"}],"version-history":[{"count":1,"href":"https:\/\/infozamoraec.com\/index.php\/wp-json\/wp\/v2\/posts\/20170\/revisions"}],"predecessor-version":[{"id":20172,"href":"https:\/\/infozamoraec.com\/index.php\/wp-json\/wp\/v2\/posts\/20170\/revisions\/20172"}],"wp:featuredmedia":[{"embeddable":true,"href":"https:\/\/infozamoraec.com\/index.php\/wp-json\/wp\/v2\/media\/20171"}],"wp:attachment":[{"href":"https:\/\/infozamoraec.com\/index.php\/wp-json\/wp\/v2\/media?parent=20170"}],"wp:term":[{"taxonomy":"category","embeddable":true,"href":"https:\/\/infozamoraec.com\/index.php\/wp-json\/wp\/v2\/categories?post=20170"},{"taxonomy":"post_tag","embeddable":true,"href":"https:\/\/infozamoraec.com\/index.php\/wp-json\/wp\/v2\/tags?post=20170"}],"curies":[{"name":"wp","href":"https:\/\/api.w.org\/{rel}","templated":true}]}}