{"id":20167,"date":"2026-03-13T01:28:05","date_gmt":"2026-03-13T01:28:05","guid":{"rendered":"https:\/\/infozamoraec.com\/?p=20167"},"modified":"2026-03-13T01:28:05","modified_gmt":"2026-03-13T01:28:05","slug":"seis-soldados-franceses-heridos-en-ataque-con-drones-en-irak","status":"publish","type":"post","link":"https:\/\/infozamoraec.com\/index.php\/2026\/03\/13\/seis-soldados-franceses-heridos-en-ataque-con-drones-en-irak\/","title":{"rendered":"Seis soldados franceses heridos en ataque con drones en Irak"},"content":{"rendered":"<p>Seis soldados franceses que participaban en labores de formaci\u00f3n en la lucha contra el terrorismo en una base francesa en Erbil, en el norte de Irak, resultaron heridos este jueves (12.03.2026) por un ataque con drones, informaron medios locales.<\/p>\n<p>El Estado Mayor franc\u00e9s explic\u00f3 que los soldados \u00abfueron atendidos de inmediato y trasladadas al centro m\u00e9dico m\u00e1s cercano\u00bb. Seg\u00fan el gobernador de Erbil, el ataque implic\u00f3 dos drones y tuvo lugar en una base situada en Mala Qara, a unos 40 km al suroeste de Erbil, la capital de la regi\u00f3n aut\u00f3noma del Kurdist\u00e1n iraqu\u00ed.<\/p>\n<p>La cadena de televisi\u00f3n LCI indic\u00f3 que los soldados franceses estaban en una base militar donde formaban a fuerzas kurdas de Irak en la lucha contra el terrorismo. Aseguraron que en la misma hab\u00eda efectivos de otras nacionalidades, como italianos.<\/p>\n<p>En las proximidades de esa base, situada entre Erbil y Mosul, hay milicas chiitas favorables a Ir\u00e1n, que generaron alguna escaramuza en los \u00faltimos d\u00edas. (EFE, AFP)<\/p>\n","protected":false},"excerpt":{"rendered":"<p>Seis soldados franceses que participaban en labores de formaci\u00f3n en la lucha contra el terrorismo en una base francesa en Erbil, en el norte de Irak, resultaron heridos este jueves (12.03.2026) por un ataque con drones, informaron medios locales. El Estado Mayor franc\u00e9s explic\u00f3 que los soldados \u00abfueron atendidos de inmediato y trasladadas al centro [&hellip;]<\/p>\n","protected":false},"author":1,"featured_media":20168,"comment_status":"open","ping_status":"open","sticky":false,"template":"","format":"standard","meta":{"footnotes":""},"categories":[8],"tags":[],"_links":{"self":[{"href":"https:\/\/infozamoraec.com\/index.php\/wp-json\/wp\/v2\/posts\/20167"}],"collection":[{"href":"https:\/\/infozamoraec.com\/index.php\/wp-json\/wp\/v2\/posts"}],"about":[{"href":"https:\/\/infozamoraec.com\/index.php\/wp-json\/wp\/v2\/types\/post"}],"author":[{"embeddable":true,"href":"https:\/\/infozamoraec.com\/index.php\/wp-json\/wp\/v2\/users\/1"}],"replies":[{"embeddable":true,"href":"https:\/\/infozamoraec.com\/index.php\/wp-json\/wp\/v2\/comments?post=20167"}],"version-history":[{"count":1,"href":"https:\/\/infozamoraec.com\/index.php\/wp-json\/wp\/v2\/posts\/20167\/revisions"}],"predecessor-version":[{"id":20169,"href":"https:\/\/infozamoraec.com\/index.php\/wp-json\/wp\/v2\/posts\/20167\/revisions\/20169"}],"wp:featuredmedia":[{"embeddable":true,"href":"https:\/\/infozamoraec.com\/index.php\/wp-json\/wp\/v2\/media\/20168"}],"wp:attachment":[{"href":"https:\/\/infozamoraec.com\/index.php\/wp-json\/wp\/v2\/media?parent=20167"}],"wp:term":[{"taxonomy":"category","embeddable":true,"href":"https:\/\/infozamoraec.com\/index.php\/wp-json\/wp\/v2\/categories?post=20167"},{"taxonomy":"post_tag","embeddable":true,"href":"https:\/\/infozamoraec.com\/index.php\/wp-json\/wp\/v2\/tags?post=20167"}],"curies":[{"name":"wp","href":"https:\/\/api.w.org\/{rel}","templated":true}]}}