{"id":20164,"date":"2026-03-13T01:25:47","date_gmt":"2026-03-13T01:25:47","guid":{"rendered":"https:\/\/infozamoraec.com\/?p=20164"},"modified":"2026-03-13T01:25:47","modified_gmt":"2026-03-13T01:25:47","slug":"niels-olsen-bono-de-residencia-de-asambleistas-se-mantiene-en-1-446","status":"publish","type":"post","link":"https:\/\/infozamoraec.com\/index.php\/2026\/03\/13\/niels-olsen-bono-de-residencia-de-asambleistas-se-mantiene-en-1-446\/","title":{"rendered":"Niels Olsen: Bono de residencia de asamble\u00edstas se mantiene en $1.446"},"content":{"rendered":"<p>QUITO.- El presidente de la Asamblea Nacional, Niels Olsen, afirm\u00f3 este 11 de marzo de 2026 que la legislatura no ha aumentado los subsidios de residencia para los asamble\u00edstas.<\/p>\n<p>Explic\u00f3 que antes de su administraci\u00f3n este valor estaba vinculado al salario b\u00e1sico, por lo que sub\u00eda autom\u00e1ticamente cada a\u00f1o. Para el 2026, el valor mensual que reciben los asamble\u00edstas como compensaci\u00f3n por residencia en Quito es de $ 1.446.<\/p>\n<p>Lo que se ha hecho ahora, con la reforma al reglamento de vi\u00e1ticos, es fijar un techo para que deje de incrementarse en el futuro, anot\u00f3 Olsen.<\/p>\n<p>Tampoco, a\u00f1adi\u00f3 en un mensaje en sus redes sociales, se han incrementado los vi\u00e1ticos ni las subsistencias. Adem\u00e1s, cuando el pleno sesiona en provincias, los asamble\u00edstas no reciben vi\u00e1ticos, porque \u201cconsidero que ese no debe ser un gasto que asuma el Estado\u201d, dijo.<\/p>\n<p>El Consejo de Administraci\u00f3n Legislativa (CAL) aprob\u00f3 el pasado 4 de marzo el reglamento para el pago de vi\u00e1ticos, subsistencias, movilizaci\u00f3n, subsidio terrestre dentro y fuera del territorio nacional y vi\u00e1ticos por gastos de residencia de la Asamblea Nacional.<\/p>\n<p>El comunicado de prensa se\u00f1ala que este instrumento no crea nuevos beneficios, sino que unifica y ordena disposiciones que ya exist\u00edan en otros cuerpos normativos, como el Reglamento Interno de Administraci\u00f3n de Talento Humano (2024) y el Reglamento para el Pago de Vi\u00e1ticos (2025), donde se registraba una duplicidad normativa respecto de la regulaci\u00f3n de estos beneficios.<\/p>\n<p>La compensaci\u00f3n por residencia o gastos de vivienda no es una disposici\u00f3n nueva. Su reconocimiento existe en la normativa de la Asamblea desde el periodo 2013-2015, y m\u00e1s recientemente en el art\u00edculo 64 del Reglamento Interno de Administraci\u00f3n del Talento Humano, aprobado mediante Resoluci\u00f3n CAL-RVVR-2023-2025-0178 del 31 de diciembre de 2024.<\/p>\n<p>El objetivo del nuevo reglamento, indica el comunicado, es ordenar y sistematizar la regulaci\u00f3n vigente, fortaleciendo la claridad normativa, la seguridad jur\u00eddica y su correcta aplicaci\u00f3n administrativa, sin que esto implique la creaci\u00f3n de nuevos beneficios.<\/p>\n<p>Norman Morales, administrador general de la Asamblea Nacional, explic\u00f3 que el valor de la compensaci\u00f3n responde \u00fanicamente al ajuste autom\u00e1tico derivado del salario b\u00e1sico unificado (SBU) vigente para 2026, por lo que no existe ning\u00fan aumento discrecional en el monto que reciben los servidores legislativos que tienen su domicilio a m\u00e1s de 60 kil\u00f3metros del Distrito Metropolitano de Quito.<\/p>\n<p>Adem\u00e1s, destac\u00f3 que por primera vez el nuevo reglamento fija un monto m\u00e1ximo para esta compensaci\u00f3n, el cual permanecer\u00e1 invariable y no se ajustar\u00e1 autom\u00e1ticamente ante futuras modificaciones del SBU.<\/p>\n<p>Morales aclar\u00f3 tambi\u00e9n que no se ha ampliado este beneficio a funcionarios del nivel jer\u00e1rquico superior.<\/p>\n","protected":false},"excerpt":{"rendered":"<p>QUITO.- El presidente de la Asamblea Nacional, Niels Olsen, afirm\u00f3 este 11 de marzo de 2026 que la legislatura no ha aumentado los subsidios de residencia para los asamble\u00edstas. Explic\u00f3 que antes de su administraci\u00f3n este valor estaba vinculado al salario b\u00e1sico, por lo que sub\u00eda autom\u00e1ticamente cada a\u00f1o. Para el 2026, el valor mensual [&hellip;]<\/p>\n","protected":false},"author":1,"featured_media":20165,"comment_status":"open","ping_status":"open","sticky":false,"template":"","format":"standard","meta":{"footnotes":""},"categories":[12],"tags":[],"_links":{"self":[{"href":"https:\/\/infozamoraec.com\/index.php\/wp-json\/wp\/v2\/posts\/20164"}],"collection":[{"href":"https:\/\/infozamoraec.com\/index.php\/wp-json\/wp\/v2\/posts"}],"about":[{"href":"https:\/\/infozamoraec.com\/index.php\/wp-json\/wp\/v2\/types\/post"}],"author":[{"embeddable":true,"href":"https:\/\/infozamoraec.com\/index.php\/wp-json\/wp\/v2\/users\/1"}],"replies":[{"embeddable":true,"href":"https:\/\/infozamoraec.com\/index.php\/wp-json\/wp\/v2\/comments?post=20164"}],"version-history":[{"count":1,"href":"https:\/\/infozamoraec.com\/index.php\/wp-json\/wp\/v2\/posts\/20164\/revisions"}],"predecessor-version":[{"id":20166,"href":"https:\/\/infozamoraec.com\/index.php\/wp-json\/wp\/v2\/posts\/20164\/revisions\/20166"}],"wp:featuredmedia":[{"embeddable":true,"href":"https:\/\/infozamoraec.com\/index.php\/wp-json\/wp\/v2\/media\/20165"}],"wp:attachment":[{"href":"https:\/\/infozamoraec.com\/index.php\/wp-json\/wp\/v2\/media?parent=20164"}],"wp:term":[{"taxonomy":"category","embeddable":true,"href":"https:\/\/infozamoraec.com\/index.php\/wp-json\/wp\/v2\/categories?post=20164"},{"taxonomy":"post_tag","embeddable":true,"href":"https:\/\/infozamoraec.com\/index.php\/wp-json\/wp\/v2\/tags?post=20164"}],"curies":[{"name":"wp","href":"https:\/\/api.w.org\/{rel}","templated":true}]}}