{"id":20161,"date":"2026-03-13T01:24:15","date_gmt":"2026-03-13T01:24:15","guid":{"rendered":"https:\/\/infozamoraec.com\/?p=20161"},"modified":"2026-03-13T01:24:15","modified_gmt":"2026-03-13T01:24:15","slug":"incumplir-el-toque-de-queda-entre-el-15-y-30-de-marzo-conlleva-penas-de-1-a-3-anos","status":"publish","type":"post","link":"https:\/\/infozamoraec.com\/index.php\/2026\/03\/13\/incumplir-el-toque-de-queda-entre-el-15-y-30-de-marzo-conlleva-penas-de-1-a-3-anos\/","title":{"rendered":"Incumplir el toque de queda entre el 15 y 30 de marzo conlleva penas de 1 a 3 a\u00f1os"},"content":{"rendered":"<p>QUITO.- El ministro del Interior, John Reimberg, insisti\u00f3 en la necesidad de que las personas no salgan de sus casas en los horarios del toque de queda que arranca el 15 de marzo y se extender\u00e1 hasta el 30.<\/p>\n<p>Reimberg indic\u00f3 que comprende que haya preguntas de los sectores productivos, pero tocar\u00e1 modificar horarios para que no tengan que movilizarse.<\/p>\n<p>\u201cNo queremos v\u00edctimas colaterales de los ataques que vamos a realizar; necesitamos las v\u00edas porque va a haber movilizaciones de tropa. Necesitamos tener las v\u00edas limpias para poder realizar las operaciones\u201d, asever\u00f3 el ministro.<\/p>\n<p>El ministro indic\u00f3 que la Polic\u00eda y FF. AA. van a realizar grandes movilizaciones.<\/p>\n<p>Reimberg dijo que si una persona incumple el toque de queda, la pena es de uno a tres a\u00f1os. Indic\u00f3 que est\u00e1n organizados con el sistema judicial para quienes incumplan la medida.<\/p>\n<p>Anunci\u00f3 que est\u00e1n enviando al sistema para que asignen jueces y fiscales para los d\u00edas de operaci\u00f3n.<\/p>\n<p>Sostuvo que el personal de emergencia puede trabajar las 24 horas, como m\u00e9dicos, bomberos, polic\u00edas, ambulancias y otros.<\/p>\n<p>Adem\u00e1s, las personas que tengan vuelos o viajes deber\u00e1n desplazarse con los documentos que avalen el desplazamiento.<\/p>\n","protected":false},"excerpt":{"rendered":"<p>QUITO.- El ministro del Interior, John Reimberg, insisti\u00f3 en la necesidad de que las personas no salgan de sus casas en los horarios del toque de queda que arranca el 15 de marzo y se extender\u00e1 hasta el 30. Reimberg indic\u00f3 que comprende que haya preguntas de los sectores productivos, pero tocar\u00e1 modificar horarios para [&hellip;]<\/p>\n","protected":false},"author":1,"featured_media":20162,"comment_status":"open","ping_status":"open","sticky":false,"template":"","format":"standard","meta":{"footnotes":""},"categories":[12],"tags":[],"_links":{"self":[{"href":"https:\/\/infozamoraec.com\/index.php\/wp-json\/wp\/v2\/posts\/20161"}],"collection":[{"href":"https:\/\/infozamoraec.com\/index.php\/wp-json\/wp\/v2\/posts"}],"about":[{"href":"https:\/\/infozamoraec.com\/index.php\/wp-json\/wp\/v2\/types\/post"}],"author":[{"embeddable":true,"href":"https:\/\/infozamoraec.com\/index.php\/wp-json\/wp\/v2\/users\/1"}],"replies":[{"embeddable":true,"href":"https:\/\/infozamoraec.com\/index.php\/wp-json\/wp\/v2\/comments?post=20161"}],"version-history":[{"count":1,"href":"https:\/\/infozamoraec.com\/index.php\/wp-json\/wp\/v2\/posts\/20161\/revisions"}],"predecessor-version":[{"id":20163,"href":"https:\/\/infozamoraec.com\/index.php\/wp-json\/wp\/v2\/posts\/20161\/revisions\/20163"}],"wp:featuredmedia":[{"embeddable":true,"href":"https:\/\/infozamoraec.com\/index.php\/wp-json\/wp\/v2\/media\/20162"}],"wp:attachment":[{"href":"https:\/\/infozamoraec.com\/index.php\/wp-json\/wp\/v2\/media?parent=20161"}],"wp:term":[{"taxonomy":"category","embeddable":true,"href":"https:\/\/infozamoraec.com\/index.php\/wp-json\/wp\/v2\/categories?post=20161"},{"taxonomy":"post_tag","embeddable":true,"href":"https:\/\/infozamoraec.com\/index.php\/wp-json\/wp\/v2\/tags?post=20161"}],"curies":[{"name":"wp","href":"https:\/\/api.w.org\/{rel}","templated":true}]}}