{"id":20158,"date":"2026-03-13T01:22:58","date_gmt":"2026-03-13T01:22:58","guid":{"rendered":"https:\/\/infozamoraec.com\/?p=20158"},"modified":"2026-03-13T01:35:30","modified_gmt":"2026-03-13T01:35:30","slug":"interior-y-defensa-acataran-sentencia-constitucional-sobre-los-4-de-las-malvinas","status":"publish","type":"post","link":"https:\/\/infozamoraec.com\/index.php\/2026\/03\/13\/interior-y-defensa-acataran-sentencia-constitucional-sobre-los-4-de-las-malvinas\/","title":{"rendered":"Interior y Defensa acatar\u00e1n sentencia constitucional sobre los 4 de las Malvinas"},"content":{"rendered":"<p>El Ministro de Defensa, Gian Carlo Loffredo anunci\u00f3 que cumplir\u00e1 la sentencia de la Corte Constitucional del Ecuador sobre el caso de los cuatro menores detenidos por militares en 2024 y posteriormente asesinados. El fallo determin\u00f3 que los adolescentes fueron v\u00edctimas de desaparici\u00f3n forzada y orden\u00f3 al Estado ejecutar varias medidas de reparaci\u00f3n, entre ellas disculpas p\u00fablicas.<\/p>\n<p>El departamento de Comunicaci\u00f3n de la cartera de Estado envi\u00f3 un breve mensaje a periodistas en el que confirm\u00f3 que acatar\u00e1 la decisi\u00f3n del m\u00e1ximo tribunal. \u201cEn relaci\u00f3n con la sentencia de la Corte Constitucional, se dar\u00e1 cumplimiento a lo dispuesto en el tiempo establecido\u201d, indic\u00f3 la instituci\u00f3n.<\/p>\n<p>Lo mismo lo dijo el Ministro del Interior, John Reimberg para una entrevista a Radio Centro. Reimberg mencion\u00f3 que buscar\u00e1n ayuda necesaria para que se lo haga de manera correcta y no haya inconvenientes a futuro. \u00abEn un a\u00f1o creo que podemos trabajar y hacer lo que nos han pedido\u00bb, dijo el ministro.<\/p>\n<p>La Corte Constitucional de Ecuador declar\u00f3 este martes que los cuatro menores afrodescendientes detenidos y asesinados por militares en 2024 en el sector de Las Malvinas, en el sur de Guayaquil, fueron v\u00edctimas de desaparici\u00f3n forzada.<\/p>\n<p>Por ello, el organismo orden\u00f3 al Estado que emita disculpas p\u00fablicas, entre otras medidas de reparaci\u00f3n a los familiares de los j\u00f3venes fallecidos.<\/p>\n<p>El alto tribunal emiti\u00f3 esta decisi\u00f3n al aceptar una acci\u00f3n extraordinaria de protecci\u00f3n presentada por los padres y madres de Ismael y Josu\u00e9 Arroyo, de 15 y 14 a\u00f1os, quienes junto a sus amigos Nehem\u00edas Arboleda, de 15, y Steven Medina, de 11, fueron detenidos de manera irregular en la noche del 8 de diciembre de 2024 por dos patrullas militares en los exteriores de un centro comercial del sur de Guayaquil, cerca del barrio Las Malvinas, donde ellos viv\u00edan.<\/p>\n<p>Posteriormente, los soldados los trasladaron hacia Taura, donde los golpearon y torturaron. Los militares obligaron a los ni\u00f1os a desnudarse y los abandonaron. Sus restos calcinados fueron encontrados varios d\u00edas despu\u00e9s en una zona de manglar cercana y la autopsia determin\u00f3 la existencia de impactos de bala en, al menos, tres de las v\u00edctimas. (I)<\/p>\n","protected":false},"excerpt":{"rendered":"<p>El Ministro de Defensa, Gian Carlo Loffredo anunci\u00f3 que cumplir\u00e1 la sentencia de la Corte Constitucional del Ecuador sobre el caso de los cuatro menores detenidos por militares en 2024 y posteriormente asesinados. El fallo determin\u00f3 que los adolescentes fueron v\u00edctimas de desaparici\u00f3n forzada y orden\u00f3 al Estado ejecutar varias medidas de reparaci\u00f3n, entre ellas [&hellip;]<\/p>\n","protected":false},"author":1,"featured_media":20159,"comment_status":"open","ping_status":"open","sticky":false,"template":"","format":"standard","meta":{"footnotes":""},"categories":[12],"tags":[],"_links":{"self":[{"href":"https:\/\/infozamoraec.com\/index.php\/wp-json\/wp\/v2\/posts\/20158"}],"collection":[{"href":"https:\/\/infozamoraec.com\/index.php\/wp-json\/wp\/v2\/posts"}],"about":[{"href":"https:\/\/infozamoraec.com\/index.php\/wp-json\/wp\/v2\/types\/post"}],"author":[{"embeddable":true,"href":"https:\/\/infozamoraec.com\/index.php\/wp-json\/wp\/v2\/users\/1"}],"replies":[{"embeddable":true,"href":"https:\/\/infozamoraec.com\/index.php\/wp-json\/wp\/v2\/comments?post=20158"}],"version-history":[{"count":1,"href":"https:\/\/infozamoraec.com\/index.php\/wp-json\/wp\/v2\/posts\/20158\/revisions"}],"predecessor-version":[{"id":20160,"href":"https:\/\/infozamoraec.com\/index.php\/wp-json\/wp\/v2\/posts\/20158\/revisions\/20160"}],"wp:featuredmedia":[{"embeddable":true,"href":"https:\/\/infozamoraec.com\/index.php\/wp-json\/wp\/v2\/media\/20159"}],"wp:attachment":[{"href":"https:\/\/infozamoraec.com\/index.php\/wp-json\/wp\/v2\/media?parent=20158"}],"wp:term":[{"taxonomy":"category","embeddable":true,"href":"https:\/\/infozamoraec.com\/index.php\/wp-json\/wp\/v2\/categories?post=20158"},{"taxonomy":"post_tag","embeddable":true,"href":"https:\/\/infozamoraec.com\/index.php\/wp-json\/wp\/v2\/tags?post=20158"}],"curies":[{"name":"wp","href":"https:\/\/api.w.org\/{rel}","templated":true}]}}