{"id":20155,"date":"2026-03-13T01:21:19","date_gmt":"2026-03-13T01:21:19","guid":{"rendered":"https:\/\/infozamoraec.com\/?p=20155"},"modified":"2026-03-13T01:21:19","modified_gmt":"2026-03-13T01:21:19","slug":"audiencia-de-formulacion-de-cargos-contra-aquiles-por-incumplir-uso-de-grillete-sera-el-13-de-marzo","status":"publish","type":"post","link":"https:\/\/infozamoraec.com\/index.php\/2026\/03\/13\/audiencia-de-formulacion-de-cargos-contra-aquiles-por-incumplir-uso-de-grillete-sera-el-13-de-marzo\/","title":{"rendered":"Audiencia de formulaci\u00f3n de cargos contra Aquiles por incumplir uso de grillete ser\u00e1 el 13 de marzo"},"content":{"rendered":"<p>El juez titular de la Unidad Judicial Multicompetente de Samborond\u00f3n, \u00cdtalo Alonso Zambrano Reyna, convoc\u00f3 para ma\u00f1ana viernes 13 de marzo a la audiencia de formulaci\u00f3n de cargos en contra del alcalde de Guayaquil, Aquiles Alvarez, por el proceso que se sigue en su contra por el delito de incumplimiento de decisiones leg\u00edtimas de la autoridad competente, es decir por haberse quitado el grillete electr\u00f3cnico que le fue colocado como medida sustitutiva por el caso \u2018Triple A\u2019.<\/p>\n<p>Las medidas cautelares que pesaban en su contra de presentaci\u00f3n peri\u00f3dica, uso de grillete electr\u00f3nico y prohibici\u00f3n de salida del pa\u00eds quedaron sin efecto el pasado 8 de marzo, tras la resoluci\u00f3n del tribunal de juzgamiento de Triple A, integrado por los jueces Jorge S\u00e1nchez, Clara Soria y V\u00edctor Barahona.<\/p>\n<p>La diligencia sobre este inclupimiento fue fijada para las 14:00, de manera telem\u00e1tica. El caso \u2018Triple A\u2019 involucra al alcalde junto con 22 personas naturales y jur\u00eddicas por el delito de almacenamiento, transporte, envasado, comercializaci\u00f3n o distribuci\u00f3n ilegal de productos derivados de petr\u00f3leo en alta escala.<\/p>\n<p>Los magistrados cambiaron las medidas por prisi\u00f3n preventiva, luego de un pedido de la Fiscal\u00eda General del Estado. Si \u00c1lvarez es declarado culpable podr\u00eda ser sentenciado de uno a tres a\u00f1os de prisi\u00f3n. (I)<\/p>\n","protected":false},"excerpt":{"rendered":"<p>El juez titular de la Unidad Judicial Multicompetente de Samborond\u00f3n, \u00cdtalo Alonso Zambrano Reyna, convoc\u00f3 para ma\u00f1ana viernes 13 de marzo a la audiencia de formulaci\u00f3n de cargos en contra del alcalde de Guayaquil, Aquiles Alvarez, por el proceso que se sigue en su contra por el delito de incumplimiento de decisiones leg\u00edtimas de la [&hellip;]<\/p>\n","protected":false},"author":1,"featured_media":20156,"comment_status":"open","ping_status":"open","sticky":false,"template":"","format":"standard","meta":{"footnotes":""},"categories":[12],"tags":[],"_links":{"self":[{"href":"https:\/\/infozamoraec.com\/index.php\/wp-json\/wp\/v2\/posts\/20155"}],"collection":[{"href":"https:\/\/infozamoraec.com\/index.php\/wp-json\/wp\/v2\/posts"}],"about":[{"href":"https:\/\/infozamoraec.com\/index.php\/wp-json\/wp\/v2\/types\/post"}],"author":[{"embeddable":true,"href":"https:\/\/infozamoraec.com\/index.php\/wp-json\/wp\/v2\/users\/1"}],"replies":[{"embeddable":true,"href":"https:\/\/infozamoraec.com\/index.php\/wp-json\/wp\/v2\/comments?post=20155"}],"version-history":[{"count":1,"href":"https:\/\/infozamoraec.com\/index.php\/wp-json\/wp\/v2\/posts\/20155\/revisions"}],"predecessor-version":[{"id":20157,"href":"https:\/\/infozamoraec.com\/index.php\/wp-json\/wp\/v2\/posts\/20155\/revisions\/20157"}],"wp:featuredmedia":[{"embeddable":true,"href":"https:\/\/infozamoraec.com\/index.php\/wp-json\/wp\/v2\/media\/20156"}],"wp:attachment":[{"href":"https:\/\/infozamoraec.com\/index.php\/wp-json\/wp\/v2\/media?parent=20155"}],"wp:term":[{"taxonomy":"category","embeddable":true,"href":"https:\/\/infozamoraec.com\/index.php\/wp-json\/wp\/v2\/categories?post=20155"},{"taxonomy":"post_tag","embeddable":true,"href":"https:\/\/infozamoraec.com\/index.php\/wp-json\/wp\/v2\/tags?post=20155"}],"curies":[{"name":"wp","href":"https:\/\/api.w.org\/{rel}","templated":true}]}}