{"id":20150,"date":"2026-03-13T01:19:05","date_gmt":"2026-03-13T01:19:05","guid":{"rendered":"https:\/\/infozamoraec.com\/?p=20150"},"modified":"2026-03-13T01:19:25","modified_gmt":"2026-03-13T01:19:25","slug":"municipio-de-zamora-arrendo-la-pista-aerea-de-cumbaratza-por-cinco-anos","status":"publish","type":"post","link":"https:\/\/infozamoraec.com\/index.php\/2026\/03\/13\/municipio-de-zamora-arrendo-la-pista-aerea-de-cumbaratza-por-cinco-anos\/","title":{"rendered":"Municipio de Zamora arrend\u00f3 la pista a\u00e9rea de Cumbaratza por cinco a\u00f1os"},"content":{"rendered":"<p data-start=\"79\" data-end=\"421\">La concejala de <span class=\"hover:entity-accent entity-underline inline cursor-pointer align-baseline\"><span class=\"whitespace-normal\">Zamora<\/span><\/span>, <span class=\"hover:entity-accent entity-underline inline cursor-pointer align-baseline\"><span class=\"whitespace-normal\">Ximena Monta\u00f1o<\/span><\/span>, inform\u00f3 que el Concejo Cantonal aprob\u00f3 la autorizaci\u00f3n para iniciar el proceso de <strong data-start=\"255\" data-end=\"331\">arrendamiento de la pista a\u00e9rea de <span class=\"hover:entity-accent entity-underline inline cursor-pointer align-baseline\"><span class=\"whitespace-normal\">Cumbaratza<\/span><\/span><\/strong>, con el objetivo de evitar el deterioro de la infraestructura y promover su uso adecuado.<\/p>\n<p data-start=\"423\" data-end=\"752\">Seg\u00fan explic\u00f3 la edil en una entrevista con un medio radial local, el Concejo \u00fanicamente autoriz\u00f3 al Ejecutivo municipal para que realice el proceso de arrendamiento, mientras que el resto del procedimiento corresponde a la gesti\u00f3n administrativa del municipio, incluyendo la contrataci\u00f3n a trav\u00e9s del portal de compras p\u00fablicas.<\/p>\n<p data-start=\"754\" data-end=\"1099\">Monta\u00f1o detall\u00f3 que el contrato establece un <strong data-start=\"799\" data-end=\"851\">pago mensual de 3.330 d\u00f3lares durante cinco a\u00f1os<\/strong>, lo que representar\u00e1 para el cant\u00f3n un ingreso aproximado de <strong data-start=\"913\" data-end=\"932\">199.800 d\u00f3lares<\/strong> en ese periodo. Adem\u00e1s, el documento contempla la posibilidad de <strong data-start=\"998\" data-end=\"1032\">revisar el valor cada dos a\u00f1os<\/strong>, considerando factores como la inflaci\u00f3n y la situaci\u00f3n econ\u00f3mica.<\/p>\n<p data-start=\"1101\" data-end=\"1464\">La concejala tambi\u00e9n indic\u00f3 que <strong data-start=\"1133\" data-end=\"1177\">en el proceso participaron dos oferentes<\/strong>. Sin embargo, explic\u00f3 que uno de ellos, pese a presentar una oferta superior a los <strong data-start=\"1261\" data-end=\"1288\">4.000 d\u00f3lares mensuales<\/strong>, fue descalificado debido a que <strong data-start=\"1321\" data-end=\"1408\">su personer\u00eda jur\u00eddica no era compatible con el objeto del proceso de arrendamiento<\/strong>, por lo que no cumpl\u00eda con los requisitos establecidos.<\/p>\n<p data-start=\"1466\" data-end=\"1800\">Finalmente, Monta\u00f1o se\u00f1al\u00f3 que la infraestructura se estaba convirtiendo en una carga para el municipio, ya que requer\u00eda mantenimiento constante y presentaba un progresivo deterioro. A\u00f1adi\u00f3 que, en los \u00faltimos a\u00f1os, la pista era utilizada principalmente para <strong data-start=\"1725\" data-end=\"1745\">eventos privados<\/strong>, sin un aprovechamiento adecuado de sus instalaciones.<\/p>\n<p data-start=\"1802\" data-end=\"1985\" data-is-last-node=\"\" data-is-only-node=\"\">Con el arrendamiento, el municipio busca <strong data-start=\"1843\" data-end=\"1915\">optimizar el uso de la pista a\u00e9rea y generar ingresos para el cant\u00f3n<\/strong>, al tiempo que se garantiza el mantenimiento de esta infraestructura.<\/p>\n","protected":false},"excerpt":{"rendered":"<p>La concejala de Zamora, Ximena Monta\u00f1o, inform\u00f3 que el Concejo Cantonal aprob\u00f3 la autorizaci\u00f3n para iniciar el proceso de arrendamiento de la pista a\u00e9rea de Cumbaratza, con el objetivo de evitar el deterioro de la infraestructura y promover su uso adecuado. Seg\u00fan explic\u00f3 la edil en una entrevista con un medio radial local, el Concejo [&hellip;]<\/p>\n","protected":false},"author":1,"featured_media":20153,"comment_status":"open","ping_status":"open","sticky":false,"template":"","format":"standard","meta":{"footnotes":""},"categories":[9],"tags":[],"_links":{"self":[{"href":"https:\/\/infozamoraec.com\/index.php\/wp-json\/wp\/v2\/posts\/20150"}],"collection":[{"href":"https:\/\/infozamoraec.com\/index.php\/wp-json\/wp\/v2\/posts"}],"about":[{"href":"https:\/\/infozamoraec.com\/index.php\/wp-json\/wp\/v2\/types\/post"}],"author":[{"embeddable":true,"href":"https:\/\/infozamoraec.com\/index.php\/wp-json\/wp\/v2\/users\/1"}],"replies":[{"embeddable":true,"href":"https:\/\/infozamoraec.com\/index.php\/wp-json\/wp\/v2\/comments?post=20150"}],"version-history":[{"count":1,"href":"https:\/\/infozamoraec.com\/index.php\/wp-json\/wp\/v2\/posts\/20150\/revisions"}],"predecessor-version":[{"id":20154,"href":"https:\/\/infozamoraec.com\/index.php\/wp-json\/wp\/v2\/posts\/20150\/revisions\/20154"}],"wp:featuredmedia":[{"embeddable":true,"href":"https:\/\/infozamoraec.com\/index.php\/wp-json\/wp\/v2\/media\/20153"}],"wp:attachment":[{"href":"https:\/\/infozamoraec.com\/index.php\/wp-json\/wp\/v2\/media?parent=20150"}],"wp:term":[{"taxonomy":"category","embeddable":true,"href":"https:\/\/infozamoraec.com\/index.php\/wp-json\/wp\/v2\/categories?post=20150"},{"taxonomy":"post_tag","embeddable":true,"href":"https:\/\/infozamoraec.com\/index.php\/wp-json\/wp\/v2\/tags?post=20150"}],"curies":[{"name":"wp","href":"https:\/\/api.w.org\/{rel}","templated":true}]}}