{"id":20147,"date":"2026-03-13T00:58:49","date_gmt":"2026-03-13T00:58:49","guid":{"rendered":"https:\/\/infozamoraec.com\/?p=20147"},"modified":"2026-03-13T00:58:49","modified_gmt":"2026-03-13T00:58:49","slug":"productores-apicolas-de-palanda-fortalecen-conocimientos-tecnicos","status":"publish","type":"post","link":"https:\/\/infozamoraec.com\/index.php\/2026\/03\/13\/productores-apicolas-de-palanda-fortalecen-conocimientos-tecnicos\/","title":{"rendered":"Productores ap\u00edcolas de Palanda fortalecen conocimientos t\u00e9cnicos"},"content":{"rendered":"<p data-start=\"71\" data-end=\"321\">Un total de <strong data-start=\"83\" data-end=\"150\">39 apicultores del cant\u00f3n <span class=\"hover:entity-accent entity-underline inline cursor-pointer align-baseline\"><span class=\"whitespace-normal\">Palanda<\/span><\/span><\/strong> participaron en una jornada de capacitaci\u00f3n sobre <strong data-start=\"201\" data-end=\"254\">manejo t\u00e9cnico de colmenas y control de la Varroa<\/strong>, una de las principales plagas que afecta a la producci\u00f3n ap\u00edcola.<\/p>\n<p data-start=\"323\" data-end=\"676\">Los participantes proven\u00edan de las localidades de <span class=\"hover:entity-accent entity-underline inline cursor-pointer align-baseline\"><span class=\"whitespace-normal\">Valladolid<\/span><\/span>, <span class=\"hover:entity-accent entity-underline inline cursor-pointer align-baseline\"><span class=\"whitespace-normal\">Pucar\u00f3n<\/span><\/span>, <span class=\"hover:entity-accent entity-underline inline cursor-pointer align-baseline\"><span class=\"whitespace-normal\">Cahuinal<\/span><\/span>, <span class=\"hover:entity-accent entity-underline inline cursor-pointer align-baseline\"><span class=\"whitespace-normal\">Borleros<\/span><\/span> y <span class=\"hover:entity-accent entity-underline inline cursor-pointer align-baseline\"><span class=\"whitespace-normal\">Los Entierros<\/span><\/span>, as\u00ed como integrantes de las asociaciones <strong data-start=\"610\" data-end=\"623\">La Chacra<\/strong>, <strong data-start=\"625\" data-end=\"635\">APECAP<\/strong> y productores independientes de la zona.<\/p>\n<p data-start=\"678\" data-end=\"978\">La actividad fue organizada mediante un trabajo conjunto entre la <span class=\"hover:entity-accent entity-underline inline cursor-pointer align-baseline\"><span class=\"whitespace-normal\">Prefectura de Zamora Chinchipe<\/span><\/span>, a trav\u00e9s de <span class=\"hover:entity-accent entity-underline inline cursor-pointer align-baseline\"><span class=\"whitespace-normal\">AGROPZACHIN E.P.<\/span><\/span>, el <span class=\"hover:entity-accent entity-underline inline cursor-pointer align-baseline\"><span class=\"whitespace-normal\">Ministerio de Agricultura, Ganader\u00eda y Pesca<\/span><\/span> y el <span class=\"hover:entity-accent entity-underline inline cursor-pointer align-baseline\"><span class=\"whitespace-normal\">Ministerio del Ambiente, Agua y Transici\u00f3n Ecol\u00f3gica<\/span><\/span>, con el apoyo de la <span class=\"hover:entity-accent entity-underline inline cursor-pointer align-baseline\"><span class=\"whitespace-normal\">Reserva Cerro Plateado<\/span><\/span>.<\/p>\n<p data-start=\"980\" data-end=\"1369\">Durante la jornada, el gerente de AGROPZACHIN E.P., <span class=\"hover:entity-accent entity-underline inline cursor-pointer align-baseline\"><span class=\"whitespace-normal\">Carlos Suquisupa<\/span><\/span>, se\u00f1al\u00f3 que la instituci\u00f3n impulsa una nueva estrategia para fortalecer la apicultura en la provincia. Seg\u00fan explic\u00f3, el proceso inicia en Palanda con el objetivo de mejorar la producci\u00f3n, promover espacios de comercializaci\u00f3n e impulsar la industrializaci\u00f3n de los productos derivados de la miel.<\/p>\n<p data-start=\"1371\" data-end=\"1759\">La capacitaci\u00f3n fue impartida por <span class=\"hover:entity-accent entity-underline inline cursor-pointer align-baseline\"><span class=\"whitespace-normal\">Milton S\u00e1nchez<\/span><\/span>, apicultor de la provincia de <span class=\"hover:entity-accent entity-underline inline cursor-pointer align-baseline\"><span class=\"whitespace-normal\">Loja<\/span><\/span> y fundador de la asociaci\u00f3n Apiarios del Sur, quien comparti\u00f3 conocimientos te\u00f3ricos y pr\u00e1cticos sobre el manejo adecuado de colmenas, el diagn\u00f3stico y control de la Varroa, as\u00ed como la prevenci\u00f3n de otras enfermedades que afectan a las abejas.<\/p>\n<p data-start=\"1761\" data-end=\"2025\">S\u00e1nchez destac\u00f3 que el fortalecimiento de capacidades t\u00e9cnicas permitir\u00e1 mejorar las pr\u00e1cticas de manejo, mantener colmenas saludables y aumentar la calidad de la producci\u00f3n de miel. \u201cLa apicultura genera vida y promueve la conservaci\u00f3n de la naturaleza\u201d, expres\u00f3.<\/p>\n<p data-start=\"2027\" data-end=\"2423\" data-is-last-node=\"\" data-is-only-node=\"\">Por su parte, <span class=\"hover:entity-accent entity-underline inline cursor-pointer align-baseline\"><span class=\"whitespace-normal\">Segundo Cueva<\/span><\/span>, productor de Valladolid con una d\u00e9cada de experiencia en la actividad, resalt\u00f3 la importancia de estos espacios de formaci\u00f3n. Indic\u00f3 que las capacitaciones permiten intercambiar conocimientos y mejorar las pr\u00e1cticas productivas, al tiempo que agradeci\u00f3 a las instituciones que impulsan estas iniciativas en beneficio del sector ap\u00edcola<\/p>\n","protected":false},"excerpt":{"rendered":"<p>Un total de 39 apicultores del cant\u00f3n Palanda participaron en una jornada de capacitaci\u00f3n sobre manejo t\u00e9cnico de colmenas y control de la Varroa, una de las principales plagas que afecta a la producci\u00f3n ap\u00edcola. Los participantes proven\u00edan de las localidades de Valladolid, Pucar\u00f3n, Cahuinal, Borleros y Los Entierros, as\u00ed como integrantes de las asociaciones [&hellip;]<\/p>\n","protected":false},"author":1,"featured_media":20148,"comment_status":"open","ping_status":"open","sticky":false,"template":"","format":"standard","meta":{"footnotes":""},"categories":[9],"tags":[],"_links":{"self":[{"href":"https:\/\/infozamoraec.com\/index.php\/wp-json\/wp\/v2\/posts\/20147"}],"collection":[{"href":"https:\/\/infozamoraec.com\/index.php\/wp-json\/wp\/v2\/posts"}],"about":[{"href":"https:\/\/infozamoraec.com\/index.php\/wp-json\/wp\/v2\/types\/post"}],"author":[{"embeddable":true,"href":"https:\/\/infozamoraec.com\/index.php\/wp-json\/wp\/v2\/users\/1"}],"replies":[{"embeddable":true,"href":"https:\/\/infozamoraec.com\/index.php\/wp-json\/wp\/v2\/comments?post=20147"}],"version-history":[{"count":1,"href":"https:\/\/infozamoraec.com\/index.php\/wp-json\/wp\/v2\/posts\/20147\/revisions"}],"predecessor-version":[{"id":20149,"href":"https:\/\/infozamoraec.com\/index.php\/wp-json\/wp\/v2\/posts\/20147\/revisions\/20149"}],"wp:featuredmedia":[{"embeddable":true,"href":"https:\/\/infozamoraec.com\/index.php\/wp-json\/wp\/v2\/media\/20148"}],"wp:attachment":[{"href":"https:\/\/infozamoraec.com\/index.php\/wp-json\/wp\/v2\/media?parent=20147"}],"wp:term":[{"taxonomy":"category","embeddable":true,"href":"https:\/\/infozamoraec.com\/index.php\/wp-json\/wp\/v2\/categories?post=20147"},{"taxonomy":"post_tag","embeddable":true,"href":"https:\/\/infozamoraec.com\/index.php\/wp-json\/wp\/v2\/tags?post=20147"}],"curies":[{"name":"wp","href":"https:\/\/api.w.org\/{rel}","templated":true}]}}