{"id":20146,"date":"2026-03-13T01:11:17","date_gmt":"2026-03-13T01:11:17","guid":{"rendered":"https:\/\/infozamoraec.com\/?p=20146"},"modified":"2026-03-13T01:11:17","modified_gmt":"2026-03-13T01:11:17","slug":"movimiento-politico-construyamos-ya-obtiene-personeria-juridica-en-yantzaza","status":"publish","type":"post","link":"https:\/\/infozamoraec.com\/index.php\/2026\/03\/13\/movimiento-politico-construyamos-ya-obtiene-personeria-juridica-en-yantzaza\/","title":{"rendered":"Movimiento pol\u00edtico \u201cConstruyamos Ya\u201d obtiene personer\u00eda jur\u00eddica en Yantzaza"},"content":{"rendered":"<p data-start=\"83\" data-end=\"487\">El <span class=\"hover:entity-accent entity-underline inline cursor-pointer align-baseline\"><span class=\"whitespace-normal\">Consejo Nacional Electoral<\/span><\/span> otorg\u00f3 oficialmente la <strong data-start=\"147\" data-end=\"217\">personer\u00eda jur\u00eddica al movimiento pol\u00edtico local \u201cConstruyamos Ya\u201d<\/strong>, que participar\u00e1 en futuros procesos electorales bajo el <strong data-start=\"275\" data-end=\"292\">casillero 102<\/strong>. El anuncio fue realizado por la alcaldesa de <span class=\"hover:entity-accent entity-underline inline cursor-pointer align-baseline\"><span class=\"whitespace-normal\">Yantzaza<\/span><\/span>, <span class=\"hover:entity-accent entity-underline inline cursor-pointer align-baseline\"><span class=\"whitespace-normal\">Mar\u00eda Lalangui<\/span><\/span>, quien lider\u00f3 el proceso de conformaci\u00f3n de esta organizaci\u00f3n pol\u00edtica.<\/p>\n<p data-start=\"489\" data-end=\"839\">Seg\u00fan explic\u00f3 la autoridad, el proyecto naci\u00f3 a finales de <strong data-start=\"548\" data-end=\"556\">2021<\/strong> como una iniciativa ciudadana impulsada principalmente por j\u00f3venes del cant\u00f3n, con el objetivo de crear una nueva alternativa pol\u00edtica local. Tras m\u00e1s de <strong data-start=\"711\" data-end=\"750\">tres a\u00f1os de gesti\u00f3n y organizaci\u00f3n<\/strong>, el movimiento logr\u00f3 cumplir con los requisitos establecidos por el organismo electoral.<\/p>\n<p data-start=\"841\" data-end=\"1300\">Lalangui destac\u00f3 que la organizaci\u00f3n se consolid\u00f3 con la participaci\u00f3n activa de j\u00f3venes entre <strong data-start=\"936\" data-end=\"952\">21 y 30 a\u00f1os<\/strong>, quienes recorrieron diferentes sectores del cant\u00f3n para recolectar las firmas necesarias para su inscripci\u00f3n. De acuerdo con la alcaldesa, el equipo decidi\u00f3 reunir <strong data-start=\"1118\" data-end=\"1177\">hasta cinco veces m\u00e1s firmas de las exigidas por el CNE<\/strong>, debido a que durante el proceso de validaci\u00f3n algunas pod\u00edan ser anuladas por inconsistencias en la verificaci\u00f3n digital.<\/p>\n<p data-start=\"1302\" data-end=\"1669\">El movimiento obtuvo inicialmente el respaldo de sus adherentes en <strong data-start=\"1369\" data-end=\"1377\">2023<\/strong>, sin embargo, la aprobaci\u00f3n definitiva no se concret\u00f3 en ese momento, por lo que el grupo continu\u00f3 presentando documentaci\u00f3n y cumpliendo los requisitos solicitados por las autoridades electorales. Finalmente, la organizaci\u00f3n fue aprobada en sesi\u00f3n del <span class=\"hover:entity-accent entity-underline inline cursor-pointer align-baseline\"><span class=\"whitespace-normal\">Tribunal Contencioso Electoral<\/span><\/span>.<\/p>\n<p data-start=\"1671\" data-end=\"1974\">La alcaldesa se\u00f1al\u00f3 que el siguiente paso ser\u00e1 realizar una <strong data-start=\"1731\" data-end=\"1767\">reestructuraci\u00f3n de la directiva<\/strong>, debido a que algunos de sus integrantes ya no residen en el pa\u00eds. Este proceso se realizar\u00e1 conforme a los lineamientos del organismo electoral y lo establecido en el <span class=\"hover:entity-accent entity-underline inline cursor-pointer align-baseline\"><span class=\"whitespace-normal\">C\u00f3digo de la Democracia<\/span><\/span>.<\/p>\n<p data-start=\"1976\" data-end=\"2210\" data-is-last-node=\"\" data-is-only-node=\"\">Con la obtenci\u00f3n de su registro legal, el movimiento <strong data-start=\"2029\" data-end=\"2050\">\u201cConstruyamos Ya\u201d<\/strong> queda habilitado para continuar su proceso organizativo y participar en la vida pol\u00edtica del cant\u00f3n y de la provincia de <span class=\"hover:entity-accent entity-underline inline cursor-pointer align-baseline\"><span class=\"whitespace-normal\">Zamora Chinchipe<\/span><\/span>.<\/p>\n","protected":false},"excerpt":{"rendered":"<p>El Consejo Nacional Electoral otorg\u00f3 oficialmente la personer\u00eda jur\u00eddica al movimiento pol\u00edtico local \u201cConstruyamos Ya\u201d, que participar\u00e1 en futuros procesos electorales bajo el casillero 102. El anuncio fue realizado por la alcaldesa de Yantzaza, Mar\u00eda Lalangui, quien lider\u00f3 el proceso de conformaci\u00f3n de esta organizaci\u00f3n pol\u00edtica. Seg\u00fan explic\u00f3 la autoridad, el proyecto naci\u00f3 a finales [&hellip;]<\/p>\n","protected":false},"author":1,"featured_media":20151,"comment_status":"open","ping_status":"open","sticky":false,"template":"","format":"standard","meta":{"footnotes":""},"categories":[9],"tags":[],"_links":{"self":[{"href":"https:\/\/infozamoraec.com\/index.php\/wp-json\/wp\/v2\/posts\/20146"}],"collection":[{"href":"https:\/\/infozamoraec.com\/index.php\/wp-json\/wp\/v2\/posts"}],"about":[{"href":"https:\/\/infozamoraec.com\/index.php\/wp-json\/wp\/v2\/types\/post"}],"author":[{"embeddable":true,"href":"https:\/\/infozamoraec.com\/index.php\/wp-json\/wp\/v2\/users\/1"}],"replies":[{"embeddable":true,"href":"https:\/\/infozamoraec.com\/index.php\/wp-json\/wp\/v2\/comments?post=20146"}],"version-history":[{"count":1,"href":"https:\/\/infozamoraec.com\/index.php\/wp-json\/wp\/v2\/posts\/20146\/revisions"}],"predecessor-version":[{"id":20152,"href":"https:\/\/infozamoraec.com\/index.php\/wp-json\/wp\/v2\/posts\/20146\/revisions\/20152"}],"wp:featuredmedia":[{"embeddable":true,"href":"https:\/\/infozamoraec.com\/index.php\/wp-json\/wp\/v2\/media\/20151"}],"wp:attachment":[{"href":"https:\/\/infozamoraec.com\/index.php\/wp-json\/wp\/v2\/media?parent=20146"}],"wp:term":[{"taxonomy":"category","embeddable":true,"href":"https:\/\/infozamoraec.com\/index.php\/wp-json\/wp\/v2\/categories?post=20146"},{"taxonomy":"post_tag","embeddable":true,"href":"https:\/\/infozamoraec.com\/index.php\/wp-json\/wp\/v2\/tags?post=20146"}],"curies":[{"name":"wp","href":"https:\/\/api.w.org\/{rel}","templated":true}]}}