{"id":20142,"date":"2026-03-13T00:53:57","date_gmt":"2026-03-13T00:53:57","guid":{"rendered":"https:\/\/infozamoraec.com\/?p=20142"},"modified":"2026-03-13T00:53:57","modified_gmt":"2026-03-13T00:53:57","slug":"casa-de-la-cultura-impulsa-taller-participativo-para-la-reforma-a-la-ley-organica-de-cultura","status":"publish","type":"post","link":"https:\/\/infozamoraec.com\/index.php\/2026\/03\/13\/casa-de-la-cultura-impulsa-taller-participativo-para-la-reforma-a-la-ley-organica-de-cultura\/","title":{"rendered":"Casa de la Cultura impulsa taller participativo para la reforma a la Ley Org\u00e1nica de Cultura"},"content":{"rendered":"<p data-start=\"98\" data-end=\"465\">La <span class=\"hover:entity-accent entity-underline inline cursor-pointer align-baseline\"><span class=\"whitespace-normal\">Casa de la Cultura Ecuatoriana N\u00facleo de Zamora Chinchipe<\/span><\/span> anunci\u00f3 la realizaci\u00f3n de un <strong data-start=\"168\" data-end=\"269\">taller participativo para la construcci\u00f3n de la propuesta de reforma a la Ley Org\u00e1nica de Cultura<\/strong>, actividad que busca recoger los aportes del sector cultural de la provincia. El anuncio se realiz\u00f3 durante una rueda de prensa desarrollada en la ciudad de <span class=\"hover:entity-accent entity-underline inline cursor-pointer align-baseline\"><span class=\"whitespace-normal\">Zamora<\/span><\/span>.<\/p>\n<p data-start=\"467\" data-end=\"761\">En el encuentro informativo participaron <span class=\"hover:entity-accent entity-underline inline cursor-pointer align-baseline\"><span class=\"whitespace-normal\">Jhamilton Mart\u00ednez Romero<\/span><\/span>, director del n\u00facleo provincial; <span class=\"hover:entity-accent entity-underline inline cursor-pointer align-baseline\"><span class=\"whitespace-normal\">Miguel I\u00f1amagua<\/span><\/span>, vocal del directorio; y <span class=\"hover:entity-accent entity-underline inline cursor-pointer align-baseline\"><span class=\"whitespace-normal\">Jos\u00e9 Alfonso Montalvo Y\u00e9pez<\/span><\/span>, secretario general de la <span class=\"hover:entity-accent entity-underline inline cursor-pointer align-baseline\"><span class=\"whitespace-normal\">Casa de las Culturas Benjam\u00edn Carri\u00f3n<\/span><\/span> a nivel nacional.<\/p>\n<p data-start=\"763\" data-end=\"1087\">Durante la rueda de prensa se explic\u00f3 que este proceso forma parte de una <strong data-start=\"837\" data-end=\"886\">agenda nacional impulsada por la sede central<\/strong>, orientada a promover espacios de di\u00e1logo con artistas, gestores culturales, colectivos y ciudadan\u00eda, con el objetivo de construir una propuesta actualizada de reforma a la normativa cultural vigente.<\/p>\n<p data-start=\"1089\" data-end=\"1328\">El taller en Zamora Chinchipe se desarrollar\u00e1 <strong data-start=\"1135\" data-end=\"1172\">el jueves 12 de marzo a las 15:00<\/strong> en el <strong data-start=\"1179\" data-end=\"1207\">Auditorio Vicente Rivera<\/strong> de la Casa de la Cultura, donde se espera la participaci\u00f3n activa de representantes del sector cultural de la provincia.<\/p>\n<p data-start=\"1330\" data-end=\"1661\" data-is-last-node=\"\" data-is-only-node=\"\">Las autoridades destacaron que la <strong data-start=\"1364\" data-end=\"1406\">participaci\u00f3n ciudadana es fundamental<\/strong> en este proceso, ya que permitir\u00e1 recoger las voces y experiencias de quienes impulsan los procesos art\u00edsticos y culturales en el territorio, con miras a fortalecer una legislaci\u00f3n cultural m\u00e1s inclusiva y acorde a las necesidades actuales del pa\u00eds<\/p>\n","protected":false},"excerpt":{"rendered":"<p>La Casa de la Cultura Ecuatoriana N\u00facleo de Zamora Chinchipe anunci\u00f3 la realizaci\u00f3n de un taller participativo para la construcci\u00f3n de la propuesta de reforma a la Ley Org\u00e1nica de Cultura, actividad que busca recoger los aportes del sector cultural de la provincia. El anuncio se realiz\u00f3 durante una rueda de prensa desarrollada en la [&hellip;]<\/p>\n","protected":false},"author":1,"featured_media":20143,"comment_status":"open","ping_status":"open","sticky":false,"template":"","format":"standard","meta":{"footnotes":""},"categories":[9],"tags":[],"_links":{"self":[{"href":"https:\/\/infozamoraec.com\/index.php\/wp-json\/wp\/v2\/posts\/20142"}],"collection":[{"href":"https:\/\/infozamoraec.com\/index.php\/wp-json\/wp\/v2\/posts"}],"about":[{"href":"https:\/\/infozamoraec.com\/index.php\/wp-json\/wp\/v2\/types\/post"}],"author":[{"embeddable":true,"href":"https:\/\/infozamoraec.com\/index.php\/wp-json\/wp\/v2\/users\/1"}],"replies":[{"embeddable":true,"href":"https:\/\/infozamoraec.com\/index.php\/wp-json\/wp\/v2\/comments?post=20142"}],"version-history":[{"count":2,"href":"https:\/\/infozamoraec.com\/index.php\/wp-json\/wp\/v2\/posts\/20142\/revisions"}],"predecessor-version":[{"id":20145,"href":"https:\/\/infozamoraec.com\/index.php\/wp-json\/wp\/v2\/posts\/20142\/revisions\/20145"}],"wp:featuredmedia":[{"embeddable":true,"href":"https:\/\/infozamoraec.com\/index.php\/wp-json\/wp\/v2\/media\/20143"}],"wp:attachment":[{"href":"https:\/\/infozamoraec.com\/index.php\/wp-json\/wp\/v2\/media?parent=20142"}],"wp:term":[{"taxonomy":"category","embeddable":true,"href":"https:\/\/infozamoraec.com\/index.php\/wp-json\/wp\/v2\/categories?post=20142"},{"taxonomy":"post_tag","embeddable":true,"href":"https:\/\/infozamoraec.com\/index.php\/wp-json\/wp\/v2\/tags?post=20142"}],"curies":[{"name":"wp","href":"https:\/\/api.w.org\/{rel}","templated":true}]}}