{"id":20139,"date":"2026-03-12T18:47:43","date_gmt":"2026-03-12T18:47:43","guid":{"rendered":"https:\/\/infozamoraec.com\/?p=20139"},"modified":"2026-03-12T18:47:43","modified_gmt":"2026-03-12T18:47:43","slug":"inicia-mantenimiento-y-reparacion-en-la-unidad-educativa-bernardo-valdivieso","status":"publish","type":"post","link":"https:\/\/infozamoraec.com\/index.php\/2026\/03\/12\/inicia-mantenimiento-y-reparacion-en-la-unidad-educativa-bernardo-valdivieso\/","title":{"rendered":"Inicia mantenimiento y reparaci\u00f3n en la Unidad Educativa Bernardo Valdivieso"},"content":{"rendered":"<p>Luego de varios a\u00f1os sin una intervenci\u00f3n integral en su infraestructura, Favio Villamizar, Coordinador Zonal 7 del Ministerio de Educaci\u00f3n, Deporte y Cultura, anunci\u00f3 el inicio de los trabajos en la Unidad Educativa Bernardo Valdivieso, trabajos que beneficiar\u00e1n a m\u00e1s de 3.600 estudiantes de las secciones matutina, vespertina y nocturna.<\/p>\n<p>La inversi\u00f3n del proyecto \u201cMantenimiento y Reparaci\u00f3n de la Infraestructura de La Unidad Educativa Bernardo Valdivieso\u201d es de 212.000 d\u00f3lares y tendr\u00e1 un plazo de ejecuci\u00f3n de 120 d\u00edas, periodo en el cual se realizar\u00e1n trabajos destinados a recuperar y mejorar varios espacios como la piscina semiol\u00edmpica (sistema hidrosanitario, tratamiento de piscina, obras arquitect\u00f3nicas, impermeabilizaci\u00f3n y cubiertas, pintura, acabados, instalaciones sanitarias y estructura met\u00e1lica) y adem\u00e1s el pintado de todos los bloques de aulas.<\/p>\n<p>\u201cHoy se reafirma el compromiso de las autoridades con la educaci\u00f3n, ese respaldo que nosotros como estudiantes necesitamos para crecer en un ambiente en condiciones. Estamos agradecidos con el Ministerio de Educaci\u00f3n, Deporte y Cultura por ese respaldo, sabiendo que la educaci\u00f3n sigue y seguir\u00e1 siendo prioridad para construir un pa\u00eds m\u00e1s justo y preparado\u201d, enfatiz\u00f3 Geovanny Aguirre, presidente del Consejo Estudiantil.<\/p>\n<p>Por su parte, Favio Villamizar, Coordinador Zonal 7 del Ministerio de Educaci\u00f3n, Deporte y Cultura, enfatiz\u00f3 que este esfuerzo es un trabajo de todos en beneficio de la comunidad educativa: \u201cCon el respaldo del Gobierno Nacional, se dio inicio al proyecto de mantenimiento y reparaci\u00f3n de la infraestructura del plantel, una obra que representa un sue\u00f1o cumplido para estudiantes y docentes, quienes durante a\u00f1os esperaron mejoras en las instalaciones del Patr\u00f3n Bernardo y que hoy es una realidad\u201d.<\/p>\n<p>La ejecuci\u00f3n de esta obra refleja el compromiso de recuperar espacios educativos, impulsando acciones concretas que fortalecen la infraestructura escolar y contribuyen al bienestar de la comunidad educativa, reafirmando la apuesta del Gobierno por invertir en educaci\u00f3n y mejorar las condiciones de aprendizaje, asegurando que ni\u00f1as, ni\u00f1os y j\u00f3venes cuenten con espacios adecuados para su formaci\u00f3n integral.<\/p>\n","protected":false},"excerpt":{"rendered":"<p>Luego de varios a\u00f1os sin una intervenci\u00f3n integral en su infraestructura, Favio Villamizar, Coordinador Zonal 7 del Ministerio de Educaci\u00f3n, Deporte y Cultura, anunci\u00f3 el inicio de los trabajos en la Unidad Educativa Bernardo Valdivieso, trabajos que beneficiar\u00e1n a m\u00e1s de 3.600 estudiantes de las secciones matutina, vespertina y nocturna. La inversi\u00f3n del proyecto \u201cMantenimiento [&hellip;]<\/p>\n","protected":false},"author":1,"featured_media":20140,"comment_status":"open","ping_status":"open","sticky":false,"template":"","format":"standard","meta":{"footnotes":""},"categories":[12],"tags":[],"_links":{"self":[{"href":"https:\/\/infozamoraec.com\/index.php\/wp-json\/wp\/v2\/posts\/20139"}],"collection":[{"href":"https:\/\/infozamoraec.com\/index.php\/wp-json\/wp\/v2\/posts"}],"about":[{"href":"https:\/\/infozamoraec.com\/index.php\/wp-json\/wp\/v2\/types\/post"}],"author":[{"embeddable":true,"href":"https:\/\/infozamoraec.com\/index.php\/wp-json\/wp\/v2\/users\/1"}],"replies":[{"embeddable":true,"href":"https:\/\/infozamoraec.com\/index.php\/wp-json\/wp\/v2\/comments?post=20139"}],"version-history":[{"count":1,"href":"https:\/\/infozamoraec.com\/index.php\/wp-json\/wp\/v2\/posts\/20139\/revisions"}],"predecessor-version":[{"id":20141,"href":"https:\/\/infozamoraec.com\/index.php\/wp-json\/wp\/v2\/posts\/20139\/revisions\/20141"}],"wp:featuredmedia":[{"embeddable":true,"href":"https:\/\/infozamoraec.com\/index.php\/wp-json\/wp\/v2\/media\/20140"}],"wp:attachment":[{"href":"https:\/\/infozamoraec.com\/index.php\/wp-json\/wp\/v2\/media?parent=20139"}],"wp:term":[{"taxonomy":"category","embeddable":true,"href":"https:\/\/infozamoraec.com\/index.php\/wp-json\/wp\/v2\/categories?post=20139"},{"taxonomy":"post_tag","embeddable":true,"href":"https:\/\/infozamoraec.com\/index.php\/wp-json\/wp\/v2\/tags?post=20139"}],"curies":[{"name":"wp","href":"https:\/\/api.w.org\/{rel}","templated":true}]}}