{"id":20136,"date":"2026-03-12T01:27:53","date_gmt":"2026-03-12T01:27:53","guid":{"rendered":"https:\/\/infozamoraec.com\/?p=20136"},"modified":"2026-03-12T01:27:53","modified_gmt":"2026-03-12T01:27:53","slug":"fbi-abre-oficina-permanente-en-ecuador","status":"publish","type":"post","link":"https:\/\/infozamoraec.com\/index.php\/2026\/03\/12\/fbi-abre-oficina-permanente-en-ecuador\/","title":{"rendered":"FBI abre oficina permanente en Ecuador"},"content":{"rendered":"<p>Ecuador y Estados Unidos firmaron este mi\u00e9rcoles (11.03.2026) un acuerdo con el que formalizaron la apertura de la primera oficina del Bur\u00f3 Federal de Investigaciones (FBI, en ingl\u00e9s) en el pa\u00eds andino. \u00abEsta es una alianza que permitir\u00e1 enfrentar con mayor eficacia a las redes del crimen organizado trasnacional\u00bb, dijo el ministro del Interior ecuatoriano, John Reimberg, durante el acto, desarrollado en la capital Quito.<\/p>\n<p>Adem\u00e1s de la apertura de la oficina, se cre\u00f3 una nueva unidad policial que permitir\u00e1 a ambos pa\u00edses mejorar su capacidad conjunta para \u00abidentificar, desmantelar, y llevar ante la Justicia a quienes trafican drogas, lavan dinero, contrabandean armas, y financian el terrorismo\u00bb, de acuerdo a la informaci\u00f3n proporcionada por la embajada de Estados Unidos en Ecuador.<\/p>\n<p>La misi\u00f3n diplom\u00e1tica estadounidense a\u00f1adi\u00f3 que el acuerdo crea un \u00abmarco para compartir informaci\u00f3n, coordinar operaciones, desarrollar capacidades y llevar a cabo investigaciones paralelas contra organizaciones terroristas extranjeras y transnacionales\u00bb, y calific\u00f3 la inauguraci\u00f3n de la oficina como un \u00abhito estrat\u00e9gico y operativo\u00bb en la cooperaci\u00f3n entre ambos pa\u00edses.<\/p>\n<p>\u00abMejoramos nuestra capacidad conjunta para identificar, desmantelar y llevar ante la justicia a quienes trafican drogas, lavan dinero, contrabandean armas y financian el terrorismo\u00bb, dijo Lawrence Petroni encargado de negocios de la embajada, seg\u00fan el mensaje publicado en X (Twitter).<\/p>\n<p>Socios clave<br \/>\nReimberg, por su parte, asegur\u00f3 que los trabajos del FBI con la Polic\u00eda ecuatoriana iniciar\u00e1n \u00abde inmediato\u00bb, ya que ya hubo \u00abcapacitaci\u00f3n y preparaci\u00f3n\u00bb previa, y que estar\u00e1n enfocados en el crimen organizado y corrupci\u00f3n. \u00abAhora lo que cambia es que tenemos ya agentes del FBI permanentemente en Ecuador trabajando con una unidad de la Polic\u00eda Nacional que se ha estructurado para que puedan trabajar en conjunto\u00bb, agreg\u00f3 el ministro.<\/p>\n<p>Petroni, en tanto, record\u00f3 que equipos del FBI ya han colaborando antes con las fuerzas de seguridad ecuatorianas, como cuando llegaron al pa\u00eds tras el asesinato en 2023 del candidato presidencial Fernando Villavicencio y, en 2025, cuando un coche bomba explot\u00f3 en los exteriores de unas oficinas pertenecientes a la familia del presidente Daniel Noboa, en Guayaquil.<\/p>\n<p>Estados Unidos se ha convertido en un socio clave para Ecuador en la \u00abguerra\u00bb que el presidente Noboa declar\u00f3 desde inicios de 2024 contra las bandas criminales, a las que catalog\u00f3 de \u00abterroristas\u00bb por ser las causantes de la peor crisis de violencia de la historia del pa\u00eds, lo que ha llevado a que figure a la cabeza de Latinoam\u00e9rica en \u00edndice de homicidios.<\/p>\n<p>DZC (EFE, AFP)<\/p>\n","protected":false},"excerpt":{"rendered":"<p>Ecuador y Estados Unidos firmaron este mi\u00e9rcoles (11.03.2026) un acuerdo con el que formalizaron la apertura de la primera oficina del Bur\u00f3 Federal de Investigaciones (FBI, en ingl\u00e9s) en el pa\u00eds andino. \u00abEsta es una alianza que permitir\u00e1 enfrentar con mayor eficacia a las redes del crimen organizado trasnacional\u00bb, dijo el ministro del Interior ecuatoriano, [&hellip;]<\/p>\n","protected":false},"author":1,"featured_media":20137,"comment_status":"open","ping_status":"open","sticky":false,"template":"","format":"standard","meta":{"footnotes":""},"categories":[12],"tags":[],"_links":{"self":[{"href":"https:\/\/infozamoraec.com\/index.php\/wp-json\/wp\/v2\/posts\/20136"}],"collection":[{"href":"https:\/\/infozamoraec.com\/index.php\/wp-json\/wp\/v2\/posts"}],"about":[{"href":"https:\/\/infozamoraec.com\/index.php\/wp-json\/wp\/v2\/types\/post"}],"author":[{"embeddable":true,"href":"https:\/\/infozamoraec.com\/index.php\/wp-json\/wp\/v2\/users\/1"}],"replies":[{"embeddable":true,"href":"https:\/\/infozamoraec.com\/index.php\/wp-json\/wp\/v2\/comments?post=20136"}],"version-history":[{"count":1,"href":"https:\/\/infozamoraec.com\/index.php\/wp-json\/wp\/v2\/posts\/20136\/revisions"}],"predecessor-version":[{"id":20138,"href":"https:\/\/infozamoraec.com\/index.php\/wp-json\/wp\/v2\/posts\/20136\/revisions\/20138"}],"wp:featuredmedia":[{"embeddable":true,"href":"https:\/\/infozamoraec.com\/index.php\/wp-json\/wp\/v2\/media\/20137"}],"wp:attachment":[{"href":"https:\/\/infozamoraec.com\/index.php\/wp-json\/wp\/v2\/media?parent=20136"}],"wp:term":[{"taxonomy":"category","embeddable":true,"href":"https:\/\/infozamoraec.com\/index.php\/wp-json\/wp\/v2\/categories?post=20136"},{"taxonomy":"post_tag","embeddable":true,"href":"https:\/\/infozamoraec.com\/index.php\/wp-json\/wp\/v2\/tags?post=20136"}],"curies":[{"name":"wp","href":"https:\/\/api.w.org\/{rel}","templated":true}]}}