{"id":20133,"date":"2026-03-12T01:23:46","date_gmt":"2026-03-12T01:23:46","guid":{"rendered":"https:\/\/infozamoraec.com\/?p=20133"},"modified":"2026-03-12T01:23:46","modified_gmt":"2026-03-12T01:23:46","slug":"new-york-times-ee-uu-lanzo-el-ataque-contra-escuela-irani","status":"publish","type":"post","link":"https:\/\/infozamoraec.com\/index.php\/2026\/03\/12\/new-york-times-ee-uu-lanzo-el-ataque-contra-escuela-irani\/","title":{"rendered":"New York Times: EE.UU. lanz\u00f3 el ataque contra escuela iran\u00ed"},"content":{"rendered":"<p>El peri\u00f3dico New York Times asegur\u00f3 este mi\u00e9rcoles (11.03.2026) que Estados Unidos fue el responsable de un ataque con misiles Tomahawk contra una escuela primaria en Minab, en el sur de Ir\u00e1n, donde seg\u00fan las autoridades del pa\u00eds persa perdieron la vida unas 180 personas. La informaci\u00f3n se basa en los hallazgos preliminares de una investigaci\u00f3n del Pent\u00e1gono.<\/p>\n<p>El medio, que cita a funcionarios estadounidenses y a otras personas familiarizadas con la investigaci\u00f3n, asegura que el ataque del 28 de febrero contra el edificio del colegio de primaria Shajarah Tayyebeh se debi\u00f3 a un error de selecci\u00f3n de objetivo por parte del ej\u00e9rcito de Estados Unidos, que atac\u00f3 una base iran\u00ed adyacente a la escuela. Las fuentes dijeron que la investigaci\u00f3n sigue en curso.<\/p>\n<p>Oficiales del Comando Central de Estados Unidos, seg\u00fan detalla The New York Times, crearon las coordenadas del objetivo para el ataque utilizando datos obsoletos proporcionados por inteligencia. Las fuentes mencionadas por el diario insisten en que estos hallazgos son preliminares y que todav\u00eda no se sabe por qu\u00e9 la informaci\u00f3n sobre el objetivo no se verific\u00f3 dos veces.<\/p>\n<p>Posible \u00abcrimen de guerra\u00bb<br \/>\nEl peri\u00f3dico sostiene que la escuela se encuentra en la misma manzana que edificios utilizados por las fuerzas navales de la Guardia Revolucionaria, el ej\u00e9rcito ideol\u00f3gico de la rep\u00fablica isl\u00e1mica, y que el lugar donde se halla el recinto educacional era originalmente parte de la base. Adem\u00e1s, indica que el edificio que alberga la escuela hab\u00eda sido separado de la base con una valla entre 2013 y 2016.<\/p>\n<p>El primer d\u00eda de bombardeos fue atacado el colegio, en la provincia de Hormozg, en un incidente que Ir\u00e1n calific\u00f3 de \u00abacto b\u00e1rbaro\u00bb, mientras que expertos de la ONU y la organizaci\u00f3n civil Human Rights Watch (HRW) han calificado de posible \u00abcrimen de guerra\u00bb lo sucedido. El ej\u00e9rcito estadounidense es la \u00fanica fuerza involucrada en el conflicto que utiliza misiles Tomahawk, recuerda New York Times.<\/p>\n<p>Seg\u00fan la Media Luna Roja iran\u00ed, unas 180 personas, la mayor\u00eda ni\u00f1as, murieron en el ataque contra el centro escolar, en el que tambi\u00e9n fallecieron maestros y padres.<\/p>\n<p>DZC (EFE, AFP)<\/p>\n","protected":false},"excerpt":{"rendered":"<p>El peri\u00f3dico New York Times asegur\u00f3 este mi\u00e9rcoles (11.03.2026) que Estados Unidos fue el responsable de un ataque con misiles Tomahawk contra una escuela primaria en Minab, en el sur de Ir\u00e1n, donde seg\u00fan las autoridades del pa\u00eds persa perdieron la vida unas 180 personas. La informaci\u00f3n se basa en los hallazgos preliminares de una [&hellip;]<\/p>\n","protected":false},"author":1,"featured_media":20134,"comment_status":"open","ping_status":"open","sticky":false,"template":"","format":"standard","meta":{"footnotes":""},"categories":[8],"tags":[],"_links":{"self":[{"href":"https:\/\/infozamoraec.com\/index.php\/wp-json\/wp\/v2\/posts\/20133"}],"collection":[{"href":"https:\/\/infozamoraec.com\/index.php\/wp-json\/wp\/v2\/posts"}],"about":[{"href":"https:\/\/infozamoraec.com\/index.php\/wp-json\/wp\/v2\/types\/post"}],"author":[{"embeddable":true,"href":"https:\/\/infozamoraec.com\/index.php\/wp-json\/wp\/v2\/users\/1"}],"replies":[{"embeddable":true,"href":"https:\/\/infozamoraec.com\/index.php\/wp-json\/wp\/v2\/comments?post=20133"}],"version-history":[{"count":1,"href":"https:\/\/infozamoraec.com\/index.php\/wp-json\/wp\/v2\/posts\/20133\/revisions"}],"predecessor-version":[{"id":20135,"href":"https:\/\/infozamoraec.com\/index.php\/wp-json\/wp\/v2\/posts\/20133\/revisions\/20135"}],"wp:featuredmedia":[{"embeddable":true,"href":"https:\/\/infozamoraec.com\/index.php\/wp-json\/wp\/v2\/media\/20134"}],"wp:attachment":[{"href":"https:\/\/infozamoraec.com\/index.php\/wp-json\/wp\/v2\/media?parent=20133"}],"wp:term":[{"taxonomy":"category","embeddable":true,"href":"https:\/\/infozamoraec.com\/index.php\/wp-json\/wp\/v2\/categories?post=20133"},{"taxonomy":"post_tag","embeddable":true,"href":"https:\/\/infozamoraec.com\/index.php\/wp-json\/wp\/v2\/tags?post=20133"}],"curies":[{"name":"wp","href":"https:\/\/api.w.org\/{rel}","templated":true}]}}