{"id":20130,"date":"2026-03-12T01:22:08","date_gmt":"2026-03-12T01:22:08","guid":{"rendered":"https:\/\/infozamoraec.com\/?p=20130"},"modified":"2026-03-12T01:22:08","modified_gmt":"2026-03-12T01:22:08","slug":"sheinbaum-sufre-derrota-legislativa-con-reforma-electoral","status":"publish","type":"post","link":"https:\/\/infozamoraec.com\/index.php\/2026\/03\/12\/sheinbaum-sufre-derrota-legislativa-con-reforma-electoral\/","title":{"rendered":"Sheinbaum sufre derrota legislativa con reforma electoral"},"content":{"rendered":"<p>La presidenta de M\u00e9xico, Claudia Sheinbaum, sufri\u00f3 este mi\u00e9rcoles (11.03.026) su primera gran derrota legislativa tras el rechazo de una reforma electoral que no cont\u00f3 ni siquiera con el apoyo de sus aliados en el Congreso.<\/p>\n<p>El texto buscaba recortar el financiamiento de los partidos pol\u00edticos y su poder para designar candidatos.<\/p>\n<p>Sheinbaum lo present\u00f3 hace una semana pese a la oposici\u00f3n de los partidos del Trabajo (PT, izquierda) y Verde Ecologista (PVEM, centro), que junto con Morena conforman la alianza oficialista, y que alegaron que la iniciativa perjudicaba a los partidos peque\u00f1os.<\/p>\n<p>Por tratarse de una reforma constitucional, el proyecto requer\u00eda dos tercios de los votos, es decir, 330 de los 494 diputados presentes. Obtuvo 259 a favor, 234 en contra y una abstenci\u00f3n.<\/p>\n<p>\u00abEn virtud de no alcanzarse la mayor\u00eda calificada (&#8230;) se desecha el proyecto de decreto enviado por la presidencia de la Rep\u00fablica\u00bb, declar\u00f3 la presidenta de la C\u00e1mara baja, Kenia L\u00f3pez, tras la votaci\u00f3n.<\/p>\n<p>La propuesta, elaborada sin convocar a los partidos de oposici\u00f3n, planteaba reducir en 25% el financiamiento a los partidos y recortar su tiempo en medios para propaganda electoral pagada con dinero p\u00fablico.<\/p>\n<p>Tambi\u00e9n buscaba suprimir las listas proporcionales, mediante las cuales los legisladores obtienen un esca\u00f1o seg\u00fan el resultado general de su partido en una circunscripci\u00f3n, sin ser votados personalmente.<\/p>\n<p>Actualmente se designan as\u00ed 200 de los 500 diputados y 32 de los 128 senadores.<\/p>\n<p>\u00abLa propuesta de reforma que se presenta s\u00ed puede conducir a la ruta de un partido hegem\u00f3nico de Estado\u00bb, afirm\u00f3 Reginaldo Sandoval, jefe de la bancada del PT, al sustentar su voto en contra.<\/p>\n","protected":false},"excerpt":{"rendered":"<p>La presidenta de M\u00e9xico, Claudia Sheinbaum, sufri\u00f3 este mi\u00e9rcoles (11.03.026) su primera gran derrota legislativa tras el rechazo de una reforma electoral que no cont\u00f3 ni siquiera con el apoyo de sus aliados en el Congreso. El texto buscaba recortar el financiamiento de los partidos pol\u00edticos y su poder para designar candidatos. Sheinbaum lo present\u00f3 [&hellip;]<\/p>\n","protected":false},"author":1,"featured_media":20131,"comment_status":"open","ping_status":"open","sticky":false,"template":"","format":"standard","meta":{"footnotes":""},"categories":[8],"tags":[],"_links":{"self":[{"href":"https:\/\/infozamoraec.com\/index.php\/wp-json\/wp\/v2\/posts\/20130"}],"collection":[{"href":"https:\/\/infozamoraec.com\/index.php\/wp-json\/wp\/v2\/posts"}],"about":[{"href":"https:\/\/infozamoraec.com\/index.php\/wp-json\/wp\/v2\/types\/post"}],"author":[{"embeddable":true,"href":"https:\/\/infozamoraec.com\/index.php\/wp-json\/wp\/v2\/users\/1"}],"replies":[{"embeddable":true,"href":"https:\/\/infozamoraec.com\/index.php\/wp-json\/wp\/v2\/comments?post=20130"}],"version-history":[{"count":1,"href":"https:\/\/infozamoraec.com\/index.php\/wp-json\/wp\/v2\/posts\/20130\/revisions"}],"predecessor-version":[{"id":20132,"href":"https:\/\/infozamoraec.com\/index.php\/wp-json\/wp\/v2\/posts\/20130\/revisions\/20132"}],"wp:featuredmedia":[{"embeddable":true,"href":"https:\/\/infozamoraec.com\/index.php\/wp-json\/wp\/v2\/media\/20131"}],"wp:attachment":[{"href":"https:\/\/infozamoraec.com\/index.php\/wp-json\/wp\/v2\/media?parent=20130"}],"wp:term":[{"taxonomy":"category","embeddable":true,"href":"https:\/\/infozamoraec.com\/index.php\/wp-json\/wp\/v2\/categories?post=20130"},{"taxonomy":"post_tag","embeddable":true,"href":"https:\/\/infozamoraec.com\/index.php\/wp-json\/wp\/v2\/tags?post=20130"}],"curies":[{"name":"wp","href":"https:\/\/api.w.org\/{rel}","templated":true}]}}