{"id":20121,"date":"2026-03-12T01:17:12","date_gmt":"2026-03-12T01:17:12","guid":{"rendered":"https:\/\/infozamoraec.com\/?p=20121"},"modified":"2026-03-12T01:17:12","modified_gmt":"2026-03-12T01:17:12","slug":"sindicatos-convocan-a-marcha-el-13-de-marzo-contra-la-distribucion-de-la-jornada-laboral","status":"publish","type":"post","link":"https:\/\/infozamoraec.com\/index.php\/2026\/03\/12\/sindicatos-convocan-a-marcha-el-13-de-marzo-contra-la-distribucion-de-la-jornada-laboral\/","title":{"rendered":"Sindicatos convocan a marcha el 13 de marzo contra la distribuci\u00f3n de la jornada laboral"},"content":{"rendered":"<p>Varias organizaciones de trabajadores anunciaron una movilizaci\u00f3n en Quito, para expresar su rechazo al acuerdo ministerial que permite distribuir la jornada laboral.<\/p>\n<p>La marcha est\u00e1 prevista para las 15:30 del viernes, 13 de marzo, en Quito. El punto de partida ser\u00e1 en los bajos de la Caja del Seguro y caminar\u00e1n hasta el Centro Hist\u00f3rico.<\/p>\n<p>Representantes de las agrupaciones que integran el Frente Unitario de Trabajadores (FUT) expresaron su malestar por el acuerdo ministerial MDT-2026-059, emitido por el Ministerio de Trabajo y que entr\u00f3 en vigencia el 10 de marzo de 2026.<\/p>\n<p>El acuerdo ministerial permite distribuir la jornada laboral hasta en diez horas al d\u00eda y tener tres d\u00edas libres a la semana, manteniendo las 40 horas semanales.<\/p>\n<p>Edwin Bedoya, presidente del FUT, dijo que si bien la normativa establece que la jornada podr\u00e1 modificarse en acuerdo de las partes, en la pr\u00e1ctica el trabajador no est\u00e1 en el mismo nivel de negociaci\u00f3n que el empleador.<\/p>\n<p>Para Jos\u00e9 Villavicencio, presidente de la Uni\u00f3n General del Trabajadores del Ecuador (UGTE), la norma es regresiva en derechos laborales y pondr\u00eda en riesgo el pago de horas suplementarias y extraordinarias.<\/p>\n<p>Los dirigentes de las organizaciones sindicalistas anunciaron que la pr\u00f3xima semana presentar\u00e1n una demanda de inconstitucionalidad en la Corte Constitucional, para dejar sin efecto el acuerdo ministerial.<\/p>\n<p>&nbsp;<\/p>\n","protected":false},"excerpt":{"rendered":"<p>Varias organizaciones de trabajadores anunciaron una movilizaci\u00f3n en Quito, para expresar su rechazo al acuerdo ministerial que permite distribuir la jornada laboral. La marcha est\u00e1 prevista para las 15:30 del viernes, 13 de marzo, en Quito. El punto de partida ser\u00e1 en los bajos de la Caja del Seguro y caminar\u00e1n hasta el Centro Hist\u00f3rico. [&hellip;]<\/p>\n","protected":false},"author":1,"featured_media":20122,"comment_status":"open","ping_status":"open","sticky":false,"template":"","format":"standard","meta":{"footnotes":""},"categories":[12],"tags":[],"_links":{"self":[{"href":"https:\/\/infozamoraec.com\/index.php\/wp-json\/wp\/v2\/posts\/20121"}],"collection":[{"href":"https:\/\/infozamoraec.com\/index.php\/wp-json\/wp\/v2\/posts"}],"about":[{"href":"https:\/\/infozamoraec.com\/index.php\/wp-json\/wp\/v2\/types\/post"}],"author":[{"embeddable":true,"href":"https:\/\/infozamoraec.com\/index.php\/wp-json\/wp\/v2\/users\/1"}],"replies":[{"embeddable":true,"href":"https:\/\/infozamoraec.com\/index.php\/wp-json\/wp\/v2\/comments?post=20121"}],"version-history":[{"count":1,"href":"https:\/\/infozamoraec.com\/index.php\/wp-json\/wp\/v2\/posts\/20121\/revisions"}],"predecessor-version":[{"id":20123,"href":"https:\/\/infozamoraec.com\/index.php\/wp-json\/wp\/v2\/posts\/20121\/revisions\/20123"}],"wp:featuredmedia":[{"embeddable":true,"href":"https:\/\/infozamoraec.com\/index.php\/wp-json\/wp\/v2\/media\/20122"}],"wp:attachment":[{"href":"https:\/\/infozamoraec.com\/index.php\/wp-json\/wp\/v2\/media?parent=20121"}],"wp:term":[{"taxonomy":"category","embeddable":true,"href":"https:\/\/infozamoraec.com\/index.php\/wp-json\/wp\/v2\/categories?post=20121"},{"taxonomy":"post_tag","embeddable":true,"href":"https:\/\/infozamoraec.com\/index.php\/wp-json\/wp\/v2\/tags?post=20121"}],"curies":[{"name":"wp","href":"https:\/\/api.w.org\/{rel}","templated":true}]}}