{"id":20114,"date":"2026-03-12T01:13:40","date_gmt":"2026-03-12T01:13:40","guid":{"rendered":"https:\/\/infozamoraec.com\/?p=20114"},"modified":"2026-03-12T01:13:40","modified_gmt":"2026-03-12T01:13:40","slug":"prefectura-de-zamora-chinchipe-impulsa-educacion-ambiental-con-estudiantes-de-la-provincia","status":"publish","type":"post","link":"https:\/\/infozamoraec.com\/index.php\/2026\/03\/12\/prefectura-de-zamora-chinchipe-impulsa-educacion-ambiental-con-estudiantes-de-la-provincia\/","title":{"rendered":"Prefectura de Zamora Chinchipe impulsa educaci\u00f3n ambiental con estudiantes de la provincia"},"content":{"rendered":"<p>La Prefectura de Zamora Chinchipe, a trav\u00e9s de la Direcci\u00f3n de Gesti\u00f3n Ambiental y en el marco de la Ordenanza de las \u00c1reas de Conservaci\u00f3n y Uso Sustentable de la Biodiversidad (ACUS), inici\u00f3 el desarrollo de jornadas de educaci\u00f3n ambiental dirigidas a estudiantes de diferentes establecimientos educativos de la provincia.<\/p>\n<p><b>\u00a0<\/b>Estas actividades formativas se ejecutar\u00e1n hasta el mes de mayo de 2026 en el vivero provincial Yawi Sumak, con el objetivo de fortalecer en los j\u00f3venes una conciencia ambiental cr\u00edtica, sensible y responsable frente al cuidado de la naturaleza.<\/p>\n<p><b>\u00a0<\/b>En esta ocasi\u00f3n participaron 31 estudiantes del Bachillerato General Unificado en Ciencias de la Unidad Educativa San Francisco de As\u00eds, de la ciudad de Zamora, quienes recibieron capacitaci\u00f3n en temas como la Estrategia Nacional de Educaci\u00f3n Ambiental (ENEA), cambio clim\u00e1tico, servicios ambientales y recursos naturales.<\/p>\n<p><b>\u00a0<\/b>Para el desarrollo de estas jornadas, la Prefectura trabaja de manera articulada con el Ministerio del Ambiente y Energ\u00eda, a trav\u00e9s del proyecto Ecosistema de Informaci\u00f3n y Educaci\u00f3n Ambiental y Agua (ECO SIEAA), espec\u00edficamente en su componente 3 denominados\u00a0<b>\u201cMi Comunidad Verde\u201d.<\/b><\/p>\n<p>Luis Torres, coordinador del proyecto ACUS, destac\u00f3 la importancia del trabajo conjunto entre instituciones p\u00fablicas y privadas para fortalecer los procesos de conservaci\u00f3n ambiental. Se\u00f1al\u00f3 que, a trav\u00e9s de estos espacios formativos, los estudiantes aprenden desde procesos de producci\u00f3n de plantas hasta t\u00e9cnicas de germinaci\u00f3n de semillas, enfundado de plantas y mejoramiento gen\u00e9tico mediante injertaci\u00f3n.<\/p>\n<p><b>\u00a0<\/b><b>\u201cTodos tenemos el mismo objetivo de conservar el medio ambiente. Estas iniciativas permiten formar el relevo generacional que continuar\u00e1 protegiendo nuestros recursos naturales\u201d,\u00a0<\/b>manifest\u00f3 Torres.<\/p>\n<p>Por su parte, Samantha Tapia Duque, estudiante del Bachillerato General Unificado en Ciencias, expres\u00f3 su satisfacci\u00f3n por los conocimientos adquiridos durante la jornada.\u00a0<b>\u201cEs un lugar muy bonito y hemos aprendido temas importantes. Ser\u00eda bueno que estos talleres contin\u00faen porque nos ayudan a cambiar nuestros h\u00e1bitos y a relacionarnos mejor con la naturaleza\u201d,\u00a0<\/b>se\u00f1al\u00f3.<\/p>\n<p><b>\u00a0<\/b>De igual forma, Lisbeth G\u00f3mez Cajas indic\u00f3 que uno de los temas que m\u00e1s llam\u00f3 su atenci\u00f3n fue el relacionado con las ACUS, por lo que agradeci\u00f3 a la Prefectura por impulsar este tipo de iniciativas que fortalecen la formaci\u00f3n ambiental de los j\u00f3venes.\u00a0<b>\u201cEsto nos ayudar\u00e1 a seguir educ\u00e1ndonos y a conservar la flora y la fauna para las futuras generaciones\u201d,\u00a0<\/b>destac\u00f3.<\/p>\n","protected":false},"excerpt":{"rendered":"<p>La Prefectura de Zamora Chinchipe, a trav\u00e9s de la Direcci\u00f3n de Gesti\u00f3n Ambiental y en el marco de la Ordenanza de las \u00c1reas de Conservaci\u00f3n y Uso Sustentable de la Biodiversidad (ACUS), inici\u00f3 el desarrollo de jornadas de educaci\u00f3n ambiental dirigidas a estudiantes de diferentes establecimientos educativos de la provincia. \u00a0Estas actividades formativas se ejecutar\u00e1n [&hellip;]<\/p>\n","protected":false},"author":1,"featured_media":20115,"comment_status":"open","ping_status":"open","sticky":false,"template":"","format":"standard","meta":{"footnotes":""},"categories":[9],"tags":[],"_links":{"self":[{"href":"https:\/\/infozamoraec.com\/index.php\/wp-json\/wp\/v2\/posts\/20114"}],"collection":[{"href":"https:\/\/infozamoraec.com\/index.php\/wp-json\/wp\/v2\/posts"}],"about":[{"href":"https:\/\/infozamoraec.com\/index.php\/wp-json\/wp\/v2\/types\/post"}],"author":[{"embeddable":true,"href":"https:\/\/infozamoraec.com\/index.php\/wp-json\/wp\/v2\/users\/1"}],"replies":[{"embeddable":true,"href":"https:\/\/infozamoraec.com\/index.php\/wp-json\/wp\/v2\/comments?post=20114"}],"version-history":[{"count":2,"href":"https:\/\/infozamoraec.com\/index.php\/wp-json\/wp\/v2\/posts\/20114\/revisions"}],"predecessor-version":[{"id":20117,"href":"https:\/\/infozamoraec.com\/index.php\/wp-json\/wp\/v2\/posts\/20114\/revisions\/20117"}],"wp:featuredmedia":[{"embeddable":true,"href":"https:\/\/infozamoraec.com\/index.php\/wp-json\/wp\/v2\/media\/20115"}],"wp:attachment":[{"href":"https:\/\/infozamoraec.com\/index.php\/wp-json\/wp\/v2\/media?parent=20114"}],"wp:term":[{"taxonomy":"category","embeddable":true,"href":"https:\/\/infozamoraec.com\/index.php\/wp-json\/wp\/v2\/categories?post=20114"},{"taxonomy":"post_tag","embeddable":true,"href":"https:\/\/infozamoraec.com\/index.php\/wp-json\/wp\/v2\/tags?post=20114"}],"curies":[{"name":"wp","href":"https:\/\/api.w.org\/{rel}","templated":true}]}}