{"id":20107,"date":"2026-03-12T01:09:11","date_gmt":"2026-03-12T01:09:11","guid":{"rendered":"https:\/\/infozamoraec.com\/?p=20107"},"modified":"2026-03-12T01:09:11","modified_gmt":"2026-03-12T01:09:11","slug":"sectores-productivos-convocan-a-marcha-pacifica-en-zamora","status":"publish","type":"post","link":"https:\/\/infozamoraec.com\/index.php\/2026\/03\/12\/sectores-productivos-convocan-a-marcha-pacifica-en-zamora\/","title":{"rendered":"Sectores productivos convocan a marcha pac\u00edfica en Zamora"},"content":{"rendered":"<p data-start=\"63\" data-end=\"421\">Representantes de distintos sectores productivos de la provincia de <span class=\"hover:entity-accent entity-underline inline cursor-pointer align-baseline\"><span class=\"whitespace-normal\">Zamora Chinchipe<\/span><\/span> anunciaron la realizaci\u00f3n de una <strong data-start=\"202\" data-end=\"298\">marcha pac\u00edfica el viernes 13 de marzo en la ciudad de <span class=\"hover:entity-accent entity-underline inline cursor-pointer align-baseline\"><span class=\"whitespace-normal\">Zamora<\/span><\/span><\/strong>, con el objetivo de visibilizar la situaci\u00f3n econ\u00f3mica que atraviesa la provincia y plantear propuestas a las autoridades.<\/p>\n<p data-start=\"423\" data-end=\"793\">Durante una rueda de prensa, <span class=\"hover:entity-accent entity-underline inline cursor-pointer align-baseline\"><span class=\"whitespace-normal\">Pa\u00fal Pineda<\/span><\/span>, presidente de la <span class=\"hover:entity-accent entity-underline inline cursor-pointer align-baseline\"><span class=\"whitespace-normal\">C\u00e1mara de Miner\u00eda de Zamora Chinchipe<\/span><\/span>, indic\u00f3 que la convocatoria surge tras varias reuniones entre dirigentes de sectores como transporte, comercio y miner\u00eda artesanal, quienes analizaron la reducci\u00f3n de oportunidades laborales y el impacto de pol\u00edticas p\u00fablicas en la econom\u00eda local.<\/p>\n<p data-start=\"795\" data-end=\"1144\">Seg\u00fan explic\u00f3, la movilizaci\u00f3n busca reunir a <strong data-start=\"841\" data-end=\"925\">mineros artesanales, peque\u00f1os mineros, transportistas, comerciantes y ciudadan\u00eda<\/strong>, con el fin de expresar sus preocupaciones y promover la instalaci\u00f3n de una <strong data-start=\"1002\" data-end=\"1045\">mesa t\u00e9cnica de di\u00e1logo con el Gobierno<\/strong> para abordar temas relacionados con la actividad minera y el desarrollo econ\u00f3mico de la provincia.<\/p>\n<p data-start=\"1146\" data-end=\"1412\">Entre los planteamientos del sector consta la <strong data-start=\"1192\" data-end=\"1267\">generaci\u00f3n de mecanismos para la regularizaci\u00f3n de la miner\u00eda artesanal<\/strong>, as\u00ed como la apertura de espacios de di\u00e1logo que permitan avanzar hacia soluciones que beneficien a las familias que dependen de esta actividad.<\/p>\n<p data-start=\"1414\" data-end=\"1708\">En el encuentro tambi\u00e9n participaron representantes del sector minero de <span class=\"hover:entity-accent entity-underline inline cursor-pointer align-baseline\"><span class=\"whitespace-normal\">San Luis<\/span><\/span> y del cant\u00f3n <span class=\"hover:entity-accent entity-underline inline cursor-pointer align-baseline\"><span class=\"whitespace-normal\">Nangaritza<\/span><\/span>, quienes se\u00f1alaron que la miner\u00eda ha sido durante d\u00e9cadas una fuente importante de sustento para numerosas familias de la provincia.<\/p>\n<p data-start=\"1710\" data-end=\"1943\" data-is-last-node=\"\" data-is-only-node=\"\">Los organizadores reiteraron que la movilizaci\u00f3n tendr\u00e1 <strong data-start=\"1766\" data-end=\"1787\">car\u00e1cter pac\u00edfico<\/strong> y busca abrir un espacio de di\u00e1logo con las autoridades para analizar alternativas que contribuyan a la estabilidad econ\u00f3mica y social de Zamora Chinchipe.<\/p>\n","protected":false},"excerpt":{"rendered":"<p>Representantes de distintos sectores productivos de la provincia de Zamora Chinchipe anunciaron la realizaci\u00f3n de una marcha pac\u00edfica el viernes 13 de marzo en la ciudad de Zamora, con el objetivo de visibilizar la situaci\u00f3n econ\u00f3mica que atraviesa la provincia y plantear propuestas a las autoridades. Durante una rueda de prensa, Pa\u00fal Pineda, presidente de [&hellip;]<\/p>\n","protected":false},"author":1,"featured_media":20108,"comment_status":"open","ping_status":"open","sticky":false,"template":"","format":"standard","meta":{"footnotes":""},"categories":[9],"tags":[],"_links":{"self":[{"href":"https:\/\/infozamoraec.com\/index.php\/wp-json\/wp\/v2\/posts\/20107"}],"collection":[{"href":"https:\/\/infozamoraec.com\/index.php\/wp-json\/wp\/v2\/posts"}],"about":[{"href":"https:\/\/infozamoraec.com\/index.php\/wp-json\/wp\/v2\/types\/post"}],"author":[{"embeddable":true,"href":"https:\/\/infozamoraec.com\/index.php\/wp-json\/wp\/v2\/users\/1"}],"replies":[{"embeddable":true,"href":"https:\/\/infozamoraec.com\/index.php\/wp-json\/wp\/v2\/comments?post=20107"}],"version-history":[{"count":2,"href":"https:\/\/infozamoraec.com\/index.php\/wp-json\/wp\/v2\/posts\/20107\/revisions"}],"predecessor-version":[{"id":20110,"href":"https:\/\/infozamoraec.com\/index.php\/wp-json\/wp\/v2\/posts\/20107\/revisions\/20110"}],"wp:featuredmedia":[{"embeddable":true,"href":"https:\/\/infozamoraec.com\/index.php\/wp-json\/wp\/v2\/media\/20108"}],"wp:attachment":[{"href":"https:\/\/infozamoraec.com\/index.php\/wp-json\/wp\/v2\/media?parent=20107"}],"wp:term":[{"taxonomy":"category","embeddable":true,"href":"https:\/\/infozamoraec.com\/index.php\/wp-json\/wp\/v2\/categories?post=20107"},{"taxonomy":"post_tag","embeddable":true,"href":"https:\/\/infozamoraec.com\/index.php\/wp-json\/wp\/v2\/tags?post=20107"}],"curies":[{"name":"wp","href":"https:\/\/api.w.org\/{rel}","templated":true}]}}