{"id":20103,"date":"2026-03-12T01:05:20","date_gmt":"2026-03-12T01:05:20","guid":{"rendered":"https:\/\/infozamoraec.com\/?p=20103"},"modified":"2026-03-12T01:05:20","modified_gmt":"2026-03-12T01:05:20","slug":"mujeres-zamoranas-fueron-homenajeadas-en-la-galeria-zamoranas-que-inspiran-e-hicieron-historia","status":"publish","type":"post","link":"https:\/\/infozamoraec.com\/index.php\/2026\/03\/12\/mujeres-zamoranas-fueron-homenajeadas-en-la-galeria-zamoranas-que-inspiran-e-hicieron-historia\/","title":{"rendered":"Mujeres zamoranas fueron homenajeadas en la galer\u00eda \u201cZamoranas que inspiran e hicieron historia\u201d"},"content":{"rendered":"<p style=\"font-weight: 400;\">Con el objetivo de promover la memoria colectiva y reconocer el invaluable aporte hist\u00f3rico, social, cultural, educativo y pol\u00edtico de mujeres destacadas de la provincia de Zamora Chinchipe, la ma\u00f1ana del martes 10 de marzo se desarroll\u00f3 la emotiva Galer\u00eda \u201cZamoranas que inspiran e hicieron historia\u201d, en el Sal\u00f3n del Pueblo del Gobierno Aut\u00f3nomo Descentralizado Municipal de Zamora.<\/p>\n<p style=\"font-weight: 400;\">Este importante espacio de reconocimiento se realiz\u00f3 en el marco de las actividades por el Mes de la Mujer, buscando fortalecer la identidad territorial, visibilizar el legado de mujeres que han marcado huella en la historia de la provincia y promover la igualdad de g\u00e9nero, el respeto y la defensa de los derechos de las mujeres.<\/p>\n<p style=\"font-weight: 400;\">El evento fue organizado de manera articulada por la Asociaci\u00f3n Coordinadora Pol\u00edtica de Mujeres Ecuatorianas de Zamora Chinchipe, el Centro de Atenci\u00f3n Integral a V\u00edctimas de Violencia de G\u00e9nero \u201cMujer de Luz\u201d, Centro Violeta, el Viceministerio de la Mujer y Derechos Humanos y la Junta Cantonal de Protecci\u00f3n Integral de Derechos del cant\u00f3n Zamora, instituciones que trabajan constantemente en la promoci\u00f3n de los derechos y el fortalecimiento del liderazgo femenino en la sociedad.<\/p>\n<p style=\"font-weight: 400;\">Durante esta significativa jornada participaron autoridades cantonales, representantes institucionales, mujeres homenajeadas, familiares y ciudadan\u00eda en general, quienes se dieron cita para rendir homenaje a aquellas mujeres que, con su trabajo, esfuerzo y liderazgo, han contribuido al desarrollo social y humano de Zamora Chinchipe.<\/p>\n<p style=\"font-weight: 400;\">Entre las autoridades presentes estuvieron Franz Regalado, presidente de la Junta Cantonal de Protecci\u00f3n Integral de Derechos del cant\u00f3n Zamora; Blanca Carri\u00f3n, vicealcaldesa del cant\u00f3n Zamora; y los concejales Ximena Monta\u00f1o y Santiago Cabrera, quienes acompa\u00f1aron este acto de reconocimiento y destacaron la importancia de continuar generando espacios que visibilicen el aporte de las mujeres en los diferentes \u00e1mbitos de la sociedad.<\/p>\n<p style=\"font-weight: 400;\">La jornada inici\u00f3 con las palabras de bienvenida a cargo de Mikaela Mu\u00f1oz, coordinadora de turno de la Asociaci\u00f3n Coordinadora Pol\u00edtica de Mujeres de Zamora Chinchipe, quien resalt\u00f3 la importancia de mantener viva la memoria hist\u00f3rica de las mujeres que han abierto caminos y han aportado al progreso de la provincia.<\/p>\n<p style=\"font-weight: 400;\">Posteriormente, Marieta Delgado, representante de la Asociaci\u00f3n Coordinadora Pol\u00edtica de Mujeres Ecuatorianas de Zamora Chinchipe, realiz\u00f3 la apertura oficial del evento, brindando un mensaje alusivo a la fecha y destacando la importancia de continuar trabajando por la equidad, la justicia y el reconocimiento del rol de la mujer en la sociedad.<\/p>\n<p style=\"font-weight: 400;\">Finalmente, Franz Regalado, presidente de la Comisi\u00f3n de Igualdad y G\u00e9nero del GAD Municipal de Zamora, fue el encargado de brindar las palabras de agradecimiento y clausura del evento, destacando que este tipo de iniciativas permiten reconocer el trabajo y la dedicaci\u00f3n de mujeres que han marcado historia y han contribuido al fortalecimiento del tejido social de la provincia.<\/p>\n<p style=\"font-weight: 400;\">La Galer\u00eda \u201cZamoranas que inspiran e hicieron historia\u201d se consolid\u00f3 como un espacio de reflexi\u00f3n, reconocimiento y memoria, que resalta la fuerza, liderazgo y legado de las mujeres zamoranas, quienes con su ejemplo contin\u00faan inspirando a las nuevas generaciones a construir una sociedad m\u00e1s justa, inclusiva y equitativa.<\/p>\n","protected":false},"excerpt":{"rendered":"<p>Con el objetivo de promover la memoria colectiva y reconocer el invaluable aporte hist\u00f3rico, social, cultural, educativo y pol\u00edtico de mujeres destacadas de la provincia de Zamora Chinchipe, la ma\u00f1ana del martes 10 de marzo se desarroll\u00f3 la emotiva Galer\u00eda \u201cZamoranas que inspiran e hicieron historia\u201d, en el Sal\u00f3n del Pueblo del Gobierno Aut\u00f3nomo Descentralizado [&hellip;]<\/p>\n","protected":false},"author":1,"featured_media":20104,"comment_status":"open","ping_status":"open","sticky":false,"template":"","format":"standard","meta":{"footnotes":""},"categories":[9],"tags":[],"_links":{"self":[{"href":"https:\/\/infozamoraec.com\/index.php\/wp-json\/wp\/v2\/posts\/20103"}],"collection":[{"href":"https:\/\/infozamoraec.com\/index.php\/wp-json\/wp\/v2\/posts"}],"about":[{"href":"https:\/\/infozamoraec.com\/index.php\/wp-json\/wp\/v2\/types\/post"}],"author":[{"embeddable":true,"href":"https:\/\/infozamoraec.com\/index.php\/wp-json\/wp\/v2\/users\/1"}],"replies":[{"embeddable":true,"href":"https:\/\/infozamoraec.com\/index.php\/wp-json\/wp\/v2\/comments?post=20103"}],"version-history":[{"count":2,"href":"https:\/\/infozamoraec.com\/index.php\/wp-json\/wp\/v2\/posts\/20103\/revisions"}],"predecessor-version":[{"id":20106,"href":"https:\/\/infozamoraec.com\/index.php\/wp-json\/wp\/v2\/posts\/20103\/revisions\/20106"}],"wp:featuredmedia":[{"embeddable":true,"href":"https:\/\/infozamoraec.com\/index.php\/wp-json\/wp\/v2\/media\/20104"}],"wp:attachment":[{"href":"https:\/\/infozamoraec.com\/index.php\/wp-json\/wp\/v2\/media?parent=20103"}],"wp:term":[{"taxonomy":"category","embeddable":true,"href":"https:\/\/infozamoraec.com\/index.php\/wp-json\/wp\/v2\/categories?post=20103"},{"taxonomy":"post_tag","embeddable":true,"href":"https:\/\/infozamoraec.com\/index.php\/wp-json\/wp\/v2\/tags?post=20103"}],"curies":[{"name":"wp","href":"https:\/\/api.w.org\/{rel}","templated":true}]}}