{"id":20099,"date":"2026-03-12T01:01:47","date_gmt":"2026-03-12T01:01:47","guid":{"rendered":"https:\/\/infozamoraec.com\/?p=20099"},"modified":"2026-03-12T01:01:47","modified_gmt":"2026-03-12T01:01:47","slug":"policia-nacional-realizo-feria-de-seguridad-ciudadana-en-san-carlos-de-las-minas","status":"publish","type":"post","link":"https:\/\/infozamoraec.com\/index.php\/2026\/03\/12\/policia-nacional-realizo-feria-de-seguridad-ciudadana-en-san-carlos-de-las-minas\/","title":{"rendered":"Polic\u00eda Nacional realiz\u00f3 feria de seguridad ciudadana en San Carlos de las Minas"},"content":{"rendered":"<p>La Polic\u00eda Nacional del Ecuador, a trav\u00e9s del Distrito Zamora, llev\u00f3 a cabo una Feria de Seguridad Ciudadana en el circuito San Carlos de las Minas, con el objetivo de fortalecer el v\u00ednculo entre las instituciones del Estado y la comunidad.<\/p>\n<p>Durante la jornada participaron los distintos servicios policiales, que mediante mesas informativas presentaron a los ciudadanos las acciones preventivas, operativas y comunitarias que desarrolla la instituci\u00f3n para reforzar la seguridad y promover una convivencia pac\u00edfica en la provincia.<\/p>\n<p>En el evento tambi\u00e9n estuvieron presentes varias entidades p\u00fablicas y organismos de apoyo, entre ellas la Gobernaci\u00f3n de Zamora Chinchipe, el Cuerpo de Bomberos, las Fuerzas Armadas del Ecuador, la Comisar\u00eda de Polic\u00eda, el Sindicato de Choferes de Zamora, el Ministerio de Inclusi\u00f3n Econ\u00f3mica y Social y la Cruz Roja. Cada instituci\u00f3n expuso, a trav\u00e9s de espacios tem\u00e1ticos, los servicios y programas que ofrecen a la ciudadan\u00eda.<\/p>\n<p>La feria tuvo como finalidad fortalecer el trabajo coordinado entre las instituciones y la poblaci\u00f3n, promoviendo la corresponsabilidad ciudadana y la prevenci\u00f3n como pilares fundamentales para la construcci\u00f3n de entornos m\u00e1s seguros.<\/p>\n","protected":false},"excerpt":{"rendered":"<p>La Polic\u00eda Nacional del Ecuador, a trav\u00e9s del Distrito Zamora, llev\u00f3 a cabo una Feria de Seguridad Ciudadana en el circuito San Carlos de las Minas, con el objetivo de fortalecer el v\u00ednculo entre las instituciones del Estado y la comunidad. Durante la jornada participaron los distintos servicios policiales, que mediante mesas informativas presentaron a [&hellip;]<\/p>\n","protected":false},"author":1,"featured_media":20100,"comment_status":"open","ping_status":"open","sticky":false,"template":"","format":"standard","meta":{"footnotes":""},"categories":[9],"tags":[],"_links":{"self":[{"href":"https:\/\/infozamoraec.com\/index.php\/wp-json\/wp\/v2\/posts\/20099"}],"collection":[{"href":"https:\/\/infozamoraec.com\/index.php\/wp-json\/wp\/v2\/posts"}],"about":[{"href":"https:\/\/infozamoraec.com\/index.php\/wp-json\/wp\/v2\/types\/post"}],"author":[{"embeddable":true,"href":"https:\/\/infozamoraec.com\/index.php\/wp-json\/wp\/v2\/users\/1"}],"replies":[{"embeddable":true,"href":"https:\/\/infozamoraec.com\/index.php\/wp-json\/wp\/v2\/comments?post=20099"}],"version-history":[{"count":2,"href":"https:\/\/infozamoraec.com\/index.php\/wp-json\/wp\/v2\/posts\/20099\/revisions"}],"predecessor-version":[{"id":20102,"href":"https:\/\/infozamoraec.com\/index.php\/wp-json\/wp\/v2\/posts\/20099\/revisions\/20102"}],"wp:featuredmedia":[{"embeddable":true,"href":"https:\/\/infozamoraec.com\/index.php\/wp-json\/wp\/v2\/media\/20100"}],"wp:attachment":[{"href":"https:\/\/infozamoraec.com\/index.php\/wp-json\/wp\/v2\/media?parent=20099"}],"wp:term":[{"taxonomy":"category","embeddable":true,"href":"https:\/\/infozamoraec.com\/index.php\/wp-json\/wp\/v2\/categories?post=20099"},{"taxonomy":"post_tag","embeddable":true,"href":"https:\/\/infozamoraec.com\/index.php\/wp-json\/wp\/v2\/tags?post=20099"}],"curies":[{"name":"wp","href":"https:\/\/api.w.org\/{rel}","templated":true}]}}