{"id":20096,"date":"2026-03-11T02:03:35","date_gmt":"2026-03-11T02:03:35","guid":{"rendered":"https:\/\/infozamoraec.com\/?p=20096"},"modified":"2026-03-11T02:03:35","modified_gmt":"2026-03-11T02:03:35","slug":"una-sentada-universitaria-y-tres-dias-de-protestas-en-cuba","status":"publish","type":"post","link":"https:\/\/infozamoraec.com\/index.php\/2026\/03\/11\/una-sentada-universitaria-y-tres-dias-de-protestas-en-cuba\/","title":{"rendered":"Una sentada universitaria y tres d\u00edas de protestas en Cuba"},"content":{"rendered":"<p>Una sentada improvisada en las escaleras de la Universidad de La Habana congreg\u00f3 este lunes (9.03.2026) a una veintena de estudiantes preocupados por su educaci\u00f3n, en medio de una crisis energ\u00e9tica agravada por el bloqueo petrolero estadounidense a Cuba, que ha reducido las clases y paralizado el pa\u00eds.<\/p>\n<p>Los cortes de electricidad y el transporte han obligado a la universidad a reducir el n\u00famero de clases o impartirlas en l\u00ednea. Pero ese modelo de ense\u00f1anza semipresencial choca con el hecho de que los estudiantes, como la universidad, tambi\u00e9n enfrentan frecuentes y largos apagones, adem\u00e1s de la escasa y poco fiable conexi\u00f3n a Internet.<\/p>\n<p>\u00abNo somos m\u00e1rtires de ning\u00fan bando; somos estudiantes universitarios. As\u00ed que ninguno de nosotros pretend\u00eda estar aqu\u00ed, pero no ha habido otra opci\u00f3n\u00bb, dijo a la agencia AP uno de los manifestantes, que pidi\u00f3 no ser identificado por temor a represalias del Gobierno.<\/p>\n<p>El viceministro primero de Educaci\u00f3n Superior, Modesto Ricardo G\u00f3mez, sali\u00f3 a hablar con los estudiantes. Reconoci\u00f3 las dificultades financieras que afectan a la educaci\u00f3n superior y dijo que se han agravado por el actual impasse con la administraci\u00f3n Trump. \u00abHoy nos hemos visto tremendamente afectados por el bloqueo criminal y genocida del Gobierno de Estados Unidos, que, sin pensar en el pueblo ni en nuestra juventud, est\u00e1 masacrando a toda una sociedad\u201d, declar\u00f3 G\u00f3mez.<\/p>\n<p>Cacerolazos, bloqueos de carreteras y pintadas antigubernamentales<br \/>\nSeg\u00fan v\u00eddeos y testimonios difundidos en redes sociales y reportados por medios independientes cubanos como Diario de Cuba, 14yMedio, CiberCuba y ADN Cuba, la sentada universitaria fue parte del tercer d\u00eda consecutivo de protestas en Cuba contra los apagones y la crisis generalizada.<\/p>\n<p>Estos medios reportaron manifestaciones espont\u00e1neas en municipios de La Habana como Diez de Octubre, Arroyo Naranjo, Guanabacoa, Regla, Marianao, Centro Habana y Plaza, as\u00ed como en otras localidades del pa\u00eds. Aunque no fueron masivas, las expresiones de descontento pasaron, seg\u00fan los reportes, de cacerolazos en balcones y portales a ocupar la v\u00eda p\u00fablica en varias localidades del pa\u00eds, como en Ceballos, en la provincia Ciego de \u00c1vila.<\/p>\n<p>En la capital, grupos de residentes salieron a la calle durante la noche golpeando ollas y sartenes para protestar contra los largos cortes de electricidad, que en algunas zonas habr\u00edan superado las 20 horas consecutivas. En algunos casos, los manifestantes tambi\u00e9n bloquearon las calles y prendieron fuego a monta\u00f1as de basura.<\/p>\n<p>Se reportaron pintadas contra el Gobierno tambi\u00e9n en otras ciudades, mientras que activistas citados por los medios independientes informan de un aumento de la presencia de las fuerzas de seguridad en las zonas afectadas por las protestas.<\/p>\n<p>En las principales calles de La Habana, muchas personas tuvieron que caminar para ir a trabajar o de compras el lunes. La gasolina est\u00e1 racionada a 20 litros por veh\u00edculo, y llenar el tanque implica un complejo proceso de cita que puede llevar semanas.<\/p>\n","protected":false},"excerpt":{"rendered":"<p>Una sentada improvisada en las escaleras de la Universidad de La Habana congreg\u00f3 este lunes (9.03.2026) a una veintena de estudiantes preocupados por su educaci\u00f3n, en medio de una crisis energ\u00e9tica agravada por el bloqueo petrolero estadounidense a Cuba, que ha reducido las clases y paralizado el pa\u00eds. Los cortes de electricidad y el transporte [&hellip;]<\/p>\n","protected":false},"author":1,"featured_media":20097,"comment_status":"open","ping_status":"open","sticky":false,"template":"","format":"standard","meta":{"footnotes":""},"categories":[8],"tags":[],"_links":{"self":[{"href":"https:\/\/infozamoraec.com\/index.php\/wp-json\/wp\/v2\/posts\/20096"}],"collection":[{"href":"https:\/\/infozamoraec.com\/index.php\/wp-json\/wp\/v2\/posts"}],"about":[{"href":"https:\/\/infozamoraec.com\/index.php\/wp-json\/wp\/v2\/types\/post"}],"author":[{"embeddable":true,"href":"https:\/\/infozamoraec.com\/index.php\/wp-json\/wp\/v2\/users\/1"}],"replies":[{"embeddable":true,"href":"https:\/\/infozamoraec.com\/index.php\/wp-json\/wp\/v2\/comments?post=20096"}],"version-history":[{"count":1,"href":"https:\/\/infozamoraec.com\/index.php\/wp-json\/wp\/v2\/posts\/20096\/revisions"}],"predecessor-version":[{"id":20098,"href":"https:\/\/infozamoraec.com\/index.php\/wp-json\/wp\/v2\/posts\/20096\/revisions\/20098"}],"wp:featuredmedia":[{"embeddable":true,"href":"https:\/\/infozamoraec.com\/index.php\/wp-json\/wp\/v2\/media\/20097"}],"wp:attachment":[{"href":"https:\/\/infozamoraec.com\/index.php\/wp-json\/wp\/v2\/media?parent=20096"}],"wp:term":[{"taxonomy":"category","embeddable":true,"href":"https:\/\/infozamoraec.com\/index.php\/wp-json\/wp\/v2\/categories?post=20096"},{"taxonomy":"post_tag","embeddable":true,"href":"https:\/\/infozamoraec.com\/index.php\/wp-json\/wp\/v2\/tags?post=20096"}],"curies":[{"name":"wp","href":"https:\/\/api.w.org\/{rel}","templated":true}]}}