{"id":20093,"date":"2026-03-11T02:01:19","date_gmt":"2026-03-11T02:01:19","guid":{"rendered":"https:\/\/infozamoraec.com\/?p=20093"},"modified":"2026-03-11T02:01:19","modified_gmt":"2026-03-11T02:01:19","slug":"identifican-restos-de-12-victimas-de-dictadura-en-argentina","status":"publish","type":"post","link":"https:\/\/infozamoraec.com\/index.php\/2026\/03\/11\/identifican-restos-de-12-victimas-de-dictadura-en-argentina\/","title":{"rendered":"Identifican restos de 12 v\u00edctimas de dictadura en Argentina"},"content":{"rendered":"<p>La justicia de Argentina anunci\u00f3 el martes (10.03.2026) la identificaci\u00f3n de los restos de 12 v\u00edctimas de la \u00faltima dictadura militar (1976-1983), localizados en terrenos del excentro clandestino de detenci\u00f3n \u00abLa Perla\u00bb, en la provincia de C\u00f3rdoba (centro).<\/p>\n<p>Los hallazgos se produjeron durante excavaciones lideradas por el Equipo Argentino de Antropolog\u00eda Forense (EAAF), organizaci\u00f3n de prestigio internacional dedicada a la identificaci\u00f3n de personas mediante an\u00e1lisis de ADN y restos \u00f3seos.<\/p>\n<p>Estos reconocimientos de identidad son resultado de \u00ablos trabajos de an\u00e1lisis antropol\u00f3gico y gen\u00e9tico realizados por el EAAF sobre los restos \u00f3seos recuperados en la Guarnici\u00f3n Militar La Calera\u00bb donde funcion\u00f3 \u00abLa Perla\u00bb, seg\u00fan un comunicado de la organizaci\u00f3n.<\/p>\n<p>El juzgado encargado de la causa debe informar los hallazgos a los familiares de las v\u00edctimas.<\/p>\n<p>S\u00f3lo entonces, y si las familias as\u00ed lo disponen, se revelar\u00e1 al p\u00fablico las identidades de las personas encontradas.<\/p>\n<p>La identificaci\u00f3n de los restos, que fueron hallados en 2025, ocurre en el marco del 50\u00ba aniversario del golpe de Estado del 24 de marzo de 1976.<\/p>\n<p>Organismos de derechos humanos calculan en unos 30.000 la cifra de detenidos desaparecidos durante la dictadura y cada 24 de marzo cientos de miles de personas en todo el pa\u00eds suelen salir a las calles para pedir justicia por las v\u00edctimas y su paradero, que cientos de exmilitares se niegan sistem\u00e1ticamente a revelar.<\/p>\n<p>\u00abLa Perla\u00bb, situada a pocos kil\u00f3metros de la capital cordobesa, funcion\u00f3 bajo la \u00f3rbita del Ej\u00e9rcito y fue escenario de cr\u00edmenes masivos. Como este centro hubo otros cientos alrededor de todo el pa\u00eds.<\/p>\n<p>Por \u00abLa Perla\u00bb, que funcion\u00f3 entre 1976 y 1978, pasaron entre 2.500 y 3.000 personas, seg\u00fan estima el Archivo Provincial de la Memoria de C\u00f3rdoba.<\/p>\n<p>gs (afp, La Naci\u00f3n)<\/p>\n","protected":false},"excerpt":{"rendered":"<p>La justicia de Argentina anunci\u00f3 el martes (10.03.2026) la identificaci\u00f3n de los restos de 12 v\u00edctimas de la \u00faltima dictadura militar (1976-1983), localizados en terrenos del excentro clandestino de detenci\u00f3n \u00abLa Perla\u00bb, en la provincia de C\u00f3rdoba (centro). Los hallazgos se produjeron durante excavaciones lideradas por el Equipo Argentino de Antropolog\u00eda Forense (EAAF), organizaci\u00f3n de [&hellip;]<\/p>\n","protected":false},"author":1,"featured_media":20094,"comment_status":"open","ping_status":"open","sticky":false,"template":"","format":"standard","meta":{"footnotes":""},"categories":[8],"tags":[],"_links":{"self":[{"href":"https:\/\/infozamoraec.com\/index.php\/wp-json\/wp\/v2\/posts\/20093"}],"collection":[{"href":"https:\/\/infozamoraec.com\/index.php\/wp-json\/wp\/v2\/posts"}],"about":[{"href":"https:\/\/infozamoraec.com\/index.php\/wp-json\/wp\/v2\/types\/post"}],"author":[{"embeddable":true,"href":"https:\/\/infozamoraec.com\/index.php\/wp-json\/wp\/v2\/users\/1"}],"replies":[{"embeddable":true,"href":"https:\/\/infozamoraec.com\/index.php\/wp-json\/wp\/v2\/comments?post=20093"}],"version-history":[{"count":1,"href":"https:\/\/infozamoraec.com\/index.php\/wp-json\/wp\/v2\/posts\/20093\/revisions"}],"predecessor-version":[{"id":20095,"href":"https:\/\/infozamoraec.com\/index.php\/wp-json\/wp\/v2\/posts\/20093\/revisions\/20095"}],"wp:featuredmedia":[{"embeddable":true,"href":"https:\/\/infozamoraec.com\/index.php\/wp-json\/wp\/v2\/media\/20094"}],"wp:attachment":[{"href":"https:\/\/infozamoraec.com\/index.php\/wp-json\/wp\/v2\/media?parent=20093"}],"wp:term":[{"taxonomy":"category","embeddable":true,"href":"https:\/\/infozamoraec.com\/index.php\/wp-json\/wp\/v2\/categories?post=20093"},{"taxonomy":"post_tag","embeddable":true,"href":"https:\/\/infozamoraec.com\/index.php\/wp-json\/wp\/v2\/tags?post=20093"}],"curies":[{"name":"wp","href":"https:\/\/api.w.org\/{rel}","templated":true}]}}