{"id":20090,"date":"2026-03-11T01:59:18","date_gmt":"2026-03-11T01:59:18","guid":{"rendered":"https:\/\/infozamoraec.com\/?p=20090"},"modified":"2026-03-11T01:59:18","modified_gmt":"2026-03-11T01:59:18","slug":"ee-uu-colombia-aun-no-merece-estar-en-alianza-antinarco","status":"publish","type":"post","link":"https:\/\/infozamoraec.com\/index.php\/2026\/03\/11\/ee-uu-colombia-aun-no-merece-estar-en-alianza-antinarco\/","title":{"rendered":"EE.UU.: Colombia a\u00fan no merece estar en alianza antinarco"},"content":{"rendered":"<p>Estados Unidos inform\u00f3 el martes (10.03.2026) que no invit\u00f3 a Colombia a integrar el Escudo de las Am\u00e9ricas, una alianza con gobiernos latinoamericanos de derecha para combatir el narcotr\u00e1fico, porque a\u00fan no ve \u00abel nivel de cooperaci\u00f3n\u00bb necesario por parte del gobierno de Gustavo Petro.<\/p>\n<p>\u00abNo creo que todav\u00eda estemos viendo el nivel de cooperaci\u00f3n que nos gustar\u00eda por parte del gobierno de Colombia para invitarlos al evento Escudo de las Am\u00e9ricas\u00bb, declar\u00f3 la portavoz de la Casa Blanca, Karoline Leavitt, en una rueda de prensa.<\/p>\n<p>\u00abSin embargo, esperamos que esta nueva organizaci\u00f3n siga expandi\u00e9ndose y que podamos continuar invitando a pa\u00edses adicionales\u00bb, agreg\u00f3.<\/p>\n<p>El Escudo de las Am\u00e9ricas es una alianza militar para combatir el narcotr\u00e1fico que fue presentada por el presidente estadounidense, Donald Trump, el pasado s\u00e1bado durante una cumbre en Miami (Florida) con una docena de presidentes de derecha como el argentino Javier Milei, el salvadore\u00f1o Nayib Bukele y el ecuatoriano Daniel Noboa.<\/p>\n<p>A la cita no fueron invitados los mandatarios izquierdistas de Colombia, Gustavo Petro, ni de M\u00e9xico, Claudia Sheinbaum, dos pa\u00edses afectados por el narcotr\u00e1fico. Tampoco el brasile\u00f1o Luiz In\u00e1cio Lula da Silva, l\u00edder de la mayor econom\u00eda latinoamericana.<\/p>\n<p>Petro rechaz\u00f3 su exclusi\u00f3n y cuestion\u00f3 que la alianza est\u00e9 integrada por pa\u00edses \u00abpeque\u00f1os, d\u00e9biles y sin experiencia\u00bb para hacer frente al grave problema del narcotr\u00e1fico en la regi\u00f3n.<\/p>\n<p>La relaci\u00f3n entre Trump y Petro ha sido tensa, e incluso Washington lo acus\u00f3 y sancion\u00f3 por supuestos v\u00ednculos con el narcotr\u00e1fico, pero en febrero ambos mantuvieron una reuni\u00f3n cordial en la Casa Blanca que sirvi\u00f3 para acercar posturas.<\/p>\n<p>En cuanto a M\u00e9xico, Trump afirma que tiene una buena relaci\u00f3n con Sheinbaum, aunque lamenta que la presidenta mexicana no haya autorizado que el Ej\u00e9rcito estadounidense pueda atacar a los c\u00e1rteles en territorio de su pa\u00eds, una opci\u00f3n que ella descarta para proteger la soberan\u00eda nacional.<\/p>\n<p>gs (efe, afp)<\/p>\n","protected":false},"excerpt":{"rendered":"<p>Estados Unidos inform\u00f3 el martes (10.03.2026) que no invit\u00f3 a Colombia a integrar el Escudo de las Am\u00e9ricas, una alianza con gobiernos latinoamericanos de derecha para combatir el narcotr\u00e1fico, porque a\u00fan no ve \u00abel nivel de cooperaci\u00f3n\u00bb necesario por parte del gobierno de Gustavo Petro. \u00abNo creo que todav\u00eda estemos viendo el nivel de cooperaci\u00f3n [&hellip;]<\/p>\n","protected":false},"author":1,"featured_media":20091,"comment_status":"open","ping_status":"open","sticky":false,"template":"","format":"standard","meta":{"footnotes":""},"categories":[8],"tags":[],"_links":{"self":[{"href":"https:\/\/infozamoraec.com\/index.php\/wp-json\/wp\/v2\/posts\/20090"}],"collection":[{"href":"https:\/\/infozamoraec.com\/index.php\/wp-json\/wp\/v2\/posts"}],"about":[{"href":"https:\/\/infozamoraec.com\/index.php\/wp-json\/wp\/v2\/types\/post"}],"author":[{"embeddable":true,"href":"https:\/\/infozamoraec.com\/index.php\/wp-json\/wp\/v2\/users\/1"}],"replies":[{"embeddable":true,"href":"https:\/\/infozamoraec.com\/index.php\/wp-json\/wp\/v2\/comments?post=20090"}],"version-history":[{"count":1,"href":"https:\/\/infozamoraec.com\/index.php\/wp-json\/wp\/v2\/posts\/20090\/revisions"}],"predecessor-version":[{"id":20092,"href":"https:\/\/infozamoraec.com\/index.php\/wp-json\/wp\/v2\/posts\/20090\/revisions\/20092"}],"wp:featuredmedia":[{"embeddable":true,"href":"https:\/\/infozamoraec.com\/index.php\/wp-json\/wp\/v2\/media\/20091"}],"wp:attachment":[{"href":"https:\/\/infozamoraec.com\/index.php\/wp-json\/wp\/v2\/media?parent=20090"}],"wp:term":[{"taxonomy":"category","embeddable":true,"href":"https:\/\/infozamoraec.com\/index.php\/wp-json\/wp\/v2\/categories?post=20090"},{"taxonomy":"post_tag","embeddable":true,"href":"https:\/\/infozamoraec.com\/index.php\/wp-json\/wp\/v2\/tags?post=20090"}],"curies":[{"name":"wp","href":"https:\/\/api.w.org\/{rel}","templated":true}]}}