{"id":20084,"date":"2026-03-11T01:56:00","date_gmt":"2026-03-11T01:56:00","guid":{"rendered":"https:\/\/infozamoraec.com\/?p=20084"},"modified":"2026-03-11T01:56:00","modified_gmt":"2026-03-11T01:56:00","slug":"coe-cantonal-declara-emergencia-en-zaruma-tras-colapso-de-viviendas","status":"publish","type":"post","link":"https:\/\/infozamoraec.com\/index.php\/2026\/03\/11\/coe-cantonal-declara-emergencia-en-zaruma-tras-colapso-de-viviendas\/","title":{"rendered":"COE cantonal declara emergencia en Zaruma tras colapso de viviendas"},"content":{"rendered":"<p>Las autoridades del COE Cantonal declararon la emergencia en el cant\u00f3n Zaruma tras el colapso de 15 viviendas ocurrido el 10 de marzo de 2026 luego de las lluvias torrenciales que derivaron en el desbordamiento del r\u00edo en la parroquia Salvias. El informe oficial preliminar report\u00f3 ausencia de v\u00edctimas mortales.<\/p>\n<p>Adem\u00e1s, el informe del COE cantonal identific\u00f3 15 familias afectadas, con una cifra aproximada de 50 personas. Doce familias permanecen en casas de acogida y tres familias ocupan refugios temporales habilitados para atenci\u00f3n inmediata.<\/p>\n<p>El documento tambi\u00e9n detall\u00f3 la activaci\u00f3n de equipos municipales en la zona afectada. Las tareas de respuesta incluyen participaci\u00f3n de personal de gesti\u00f3n de riesgos, voluntarios de la Cruz Roja Ecuatoriana y efectivos de las Fuerzas Armadas del Ecuador.<\/p>\n<p>La coordinaci\u00f3n institucional incorpora adem\u00e1s a delegados del Ministerio de Gobierno del Ecuador, del Ministerio de Salud P\u00fablica del Ecuador y del Ministerio de Inclusi\u00f3n Econ\u00f3mica y Social. A estas acciones se suma la Prefectura de El Oro con apoyo log\u00edstico y t\u00e9cnico.<\/p>\n<p>El informe tambi\u00e9n confirm\u00f3 presencia del gobernador de la provincia, Francisco Minuche, en el \u00e1rea afectada.<\/p>\n<p>Las autoridades convocaron una sesi\u00f3n del comit\u00e9 de operaciones de emergencia cantonal al mediod\u00eda de este martes. La reuni\u00f3n incluir\u00e1 evaluaci\u00f3n de da\u00f1os y definici\u00f3n de medidas para atenci\u00f3n de las familias afectadas y control de riesgos en el sector.<\/p>\n","protected":false},"excerpt":{"rendered":"<p>Las autoridades del COE Cantonal declararon la emergencia en el cant\u00f3n Zaruma tras el colapso de 15 viviendas ocurrido el 10 de marzo de 2026 luego de las lluvias torrenciales que derivaron en el desbordamiento del r\u00edo en la parroquia Salvias. El informe oficial preliminar report\u00f3 ausencia de v\u00edctimas mortales. Adem\u00e1s, el informe del COE [&hellip;]<\/p>\n","protected":false},"author":1,"featured_media":20085,"comment_status":"open","ping_status":"open","sticky":false,"template":"","format":"standard","meta":{"footnotes":""},"categories":[12],"tags":[],"_links":{"self":[{"href":"https:\/\/infozamoraec.com\/index.php\/wp-json\/wp\/v2\/posts\/20084"}],"collection":[{"href":"https:\/\/infozamoraec.com\/index.php\/wp-json\/wp\/v2\/posts"}],"about":[{"href":"https:\/\/infozamoraec.com\/index.php\/wp-json\/wp\/v2\/types\/post"}],"author":[{"embeddable":true,"href":"https:\/\/infozamoraec.com\/index.php\/wp-json\/wp\/v2\/users\/1"}],"replies":[{"embeddable":true,"href":"https:\/\/infozamoraec.com\/index.php\/wp-json\/wp\/v2\/comments?post=20084"}],"version-history":[{"count":1,"href":"https:\/\/infozamoraec.com\/index.php\/wp-json\/wp\/v2\/posts\/20084\/revisions"}],"predecessor-version":[{"id":20086,"href":"https:\/\/infozamoraec.com\/index.php\/wp-json\/wp\/v2\/posts\/20084\/revisions\/20086"}],"wp:featuredmedia":[{"embeddable":true,"href":"https:\/\/infozamoraec.com\/index.php\/wp-json\/wp\/v2\/media\/20085"}],"wp:attachment":[{"href":"https:\/\/infozamoraec.com\/index.php\/wp-json\/wp\/v2\/media?parent=20084"}],"wp:term":[{"taxonomy":"category","embeddable":true,"href":"https:\/\/infozamoraec.com\/index.php\/wp-json\/wp\/v2\/categories?post=20084"},{"taxonomy":"post_tag","embeddable":true,"href":"https:\/\/infozamoraec.com\/index.php\/wp-json\/wp\/v2\/tags?post=20084"}],"curies":[{"name":"wp","href":"https:\/\/api.w.org\/{rel}","templated":true}]}}