{"id":20081,"date":"2026-03-11T01:54:32","date_gmt":"2026-03-11T01:54:32","guid":{"rendered":"https:\/\/infozamoraec.com\/?p=20081"},"modified":"2026-03-11T01:54:32","modified_gmt":"2026-03-11T01:54:32","slug":"reimberg-publica-foto-de-ramiro-garcia-entrando-al-encuentro-para-visitar-a-aquiles","status":"publish","type":"post","link":"https:\/\/infozamoraec.com\/index.php\/2026\/03\/11\/reimberg-publica-foto-de-ramiro-garcia-entrando-al-encuentro-para-visitar-a-aquiles\/","title":{"rendered":"Reimberg publica foto de Ramiro Garc\u00eda entrando al Encuentro para visitar a Aquiles"},"content":{"rendered":"<p>Luego de que el abogado de Aquiles \u00c1lvarez, Ramiro Garc\u00eda denuciara que supuestamente no puede visitar a su defendido en la c\u00e1rcel de m\u00e1xima seguridad bautizada como \u2018El Encuentro\u2019, el Ministro del Interior, John Reimberg poste\u00f3 una foto de Garc\u00eda entrando al centro penitenciario con el t\u00edtulo \u00abFoto mata cuento\u00bb.<\/p>\n<p>El Ministro del Interior, luego escribi\u00f3 en X:<\/p>\n<p>\u00abEl abogado Ramiro Garc\u00eda se encuentra en la c\u00e1rcel de El Encuentro. Aqu\u00ed se cumplen todos los protocolos de ingreso, como lo exige el centro penitenciario. Aqu\u00ed TODOS cumplen con la Ley\u00ab, expres\u00f3 Reimberg.<\/p>\n<p>A esto Garc\u00eda ahora reaccion\u00f3 diciendo que el Servicio Nacional de Atenci\u00f3n a Personas Adultas Privadas de Libertad (SNAI) le permiti\u00f3 el acceso pero hora y media despu\u00e9s de lo acordado. Sin embargo, reconoci\u00f3 que s\u00ed pudo visitar a \u00c1lvarez en prisi\u00f3n tras ser sentenciado a prisi\u00f3n preventiva por el caso \u2018Goleada\u2019 y \u2018Triple A\u2019.<\/p>\n<p>Seg\u00fan Garc\u00eda, \u00c1lvarez est\u00e1 rapado y le han quitado la Biblia y otros libros que ten\u00eda y que no lo dejan salir al sol y que est\u00e1 \u00abcompletamente aislado\u00bb. A esto, Reimberg ya se ha referido en varias entrevistas y acot\u00f3 que es por \u00abun tema de seguridad\u00bb.<\/p>\n<p>Garc\u00eda, de su lado, en un video colgado en su perfil de la red social X, precis\u00f3 que entregar\u00e1 un documento al SNAI para cambiar estas medidas. (I)<\/p>\n","protected":false},"excerpt":{"rendered":"<p>Luego de que el abogado de Aquiles \u00c1lvarez, Ramiro Garc\u00eda denuciara que supuestamente no puede visitar a su defendido en la c\u00e1rcel de m\u00e1xima seguridad bautizada como \u2018El Encuentro\u2019, el Ministro del Interior, John Reimberg poste\u00f3 una foto de Garc\u00eda entrando al centro penitenciario con el t\u00edtulo \u00abFoto mata cuento\u00bb. El Ministro del Interior, luego [&hellip;]<\/p>\n","protected":false},"author":1,"featured_media":20082,"comment_status":"open","ping_status":"open","sticky":false,"template":"","format":"standard","meta":{"footnotes":""},"categories":[12],"tags":[],"_links":{"self":[{"href":"https:\/\/infozamoraec.com\/index.php\/wp-json\/wp\/v2\/posts\/20081"}],"collection":[{"href":"https:\/\/infozamoraec.com\/index.php\/wp-json\/wp\/v2\/posts"}],"about":[{"href":"https:\/\/infozamoraec.com\/index.php\/wp-json\/wp\/v2\/types\/post"}],"author":[{"embeddable":true,"href":"https:\/\/infozamoraec.com\/index.php\/wp-json\/wp\/v2\/users\/1"}],"replies":[{"embeddable":true,"href":"https:\/\/infozamoraec.com\/index.php\/wp-json\/wp\/v2\/comments?post=20081"}],"version-history":[{"count":1,"href":"https:\/\/infozamoraec.com\/index.php\/wp-json\/wp\/v2\/posts\/20081\/revisions"}],"predecessor-version":[{"id":20083,"href":"https:\/\/infozamoraec.com\/index.php\/wp-json\/wp\/v2\/posts\/20081\/revisions\/20083"}],"wp:featuredmedia":[{"embeddable":true,"href":"https:\/\/infozamoraec.com\/index.php\/wp-json\/wp\/v2\/media\/20082"}],"wp:attachment":[{"href":"https:\/\/infozamoraec.com\/index.php\/wp-json\/wp\/v2\/media?parent=20081"}],"wp:term":[{"taxonomy":"category","embeddable":true,"href":"https:\/\/infozamoraec.com\/index.php\/wp-json\/wp\/v2\/categories?post=20081"},{"taxonomy":"post_tag","embeddable":true,"href":"https:\/\/infozamoraec.com\/index.php\/wp-json\/wp\/v2\/tags?post=20081"}],"curies":[{"name":"wp","href":"https:\/\/api.w.org\/{rel}","templated":true}]}}