{"id":20078,"date":"2026-03-11T01:53:02","date_gmt":"2026-03-11T01:53:02","guid":{"rendered":"https:\/\/infozamoraec.com\/?p=20078"},"modified":"2026-03-11T01:53:02","modified_gmt":"2026-03-11T01:53:02","slug":"constitucional-declara-que-ninos-de-las-malvinas-fueron-victimas-de-desaparicion-forzada","status":"publish","type":"post","link":"https:\/\/infozamoraec.com\/index.php\/2026\/03\/11\/constitucional-declara-que-ninos-de-las-malvinas-fueron-victimas-de-desaparicion-forzada\/","title":{"rendered":"Constitucional declara que ni\u00f1os de Las Malvinas fueron v\u00edctimas de desaparici\u00f3n forzada"},"content":{"rendered":"<p>La Corte Constitucional de Ecuador declar\u00f3 este martes que los cuatro menores afrodescendientes detenidos y asesinados por militares en 2024 en el sector de Las Malvinas, en el sur de Guayaquil, fueron v\u00edctimas de desaparici\u00f3n forzada.<\/p>\n<p>Por ello, el organismo orden\u00f3 al Estado que emita disculpas p\u00fablicas, entre otras medidas de reparaci\u00f3n a los familiares de los j\u00f3venes fallecidos.<\/p>\n<p>El alto tribunal emiti\u00f3 esta decisi\u00f3n al aceptar una acci\u00f3n extraordinaria de protecci\u00f3n presentada por los padres y madres de Ismael y Josu\u00e9 Arroyo, de 15 y 14 a\u00f1os, quienes junto a sus amigos Nehem\u00edas Arboleda, de 15, y Steven Medina, de 11, fueron detenidos de manera irregular en la noche del 8 de diciembre de 2024 por dos patrullas militares en los exteriores de un centro comercial del sur de Guayaquil, cerca del barrio Las Malvinas, donde ellos viv\u00edan.<\/p>\n<p>Posteriormente, los soldados los trasladaron hacia Taura, donde los golpearon y torturaron. Los militares obligaron a los ni\u00f1os a desnudarse y los abandonaron. Sus restos calcinados fueron encontrados varios d\u00edas despu\u00e9s en una zona de manglar cercana y la autopsia determin\u00f3 la existencia de impactos de bala en, al menos, tres de las v\u00edctimas.<\/p>\n<p>Proceso legal<br \/>\nEl pasado 22 de diciembre, un tribunal penal declar\u00f3 culpables a diecis\u00e9is de diecisiete militares procesados.<\/p>\n<p>Once de los soldados fueron condenados a 34 a\u00f1os y ocho meses de prisi\u00f3n; otros cinco a treinta meses, por haber colaborado con la investigaci\u00f3n; y un teniente coronel que estaba imputado como c\u00f3mplice fue absuelto de los cargos.<\/p>\n<p>Sin embargo, en diciembre de 2024 una jueza acept\u00f3 un h\u00e1beas corpus interpuesto por las familias de los menores y declar\u00f3 su desaparici\u00f3n forzada, as\u00ed como la vulneraci\u00f3n de sus derechos a la vida, a la integridad personal, al inter\u00e9s superior del ni\u00f1o, a la supervivencia, entre otros.<\/p>\n<p>La decisi\u00f3n fue apelada por el Gobierno y un tribunal la revoc\u00f3 meses despu\u00e9s, por lo que los familiares acudieron a la Corte Constitucional.<\/p>\n<p>La sentencia actual<br \/>\nEn la sentencia publicada este martes, los jueces determinaron que las autoridades judiciales vulneraron el derecho al debido proceso en la garant\u00eda de la motivaci\u00f3n, \u00abal no analizar de manera integral la detenci\u00f3n denunciada ni responder a las pretensiones relevantes planteadas por los accionantes\u00bb, por lo que dejaron sin efecto ese fallo.<\/p>\n<p>Adem\u00e1s, concluyeron que los ni\u00f1os fueron privados de la libertad de forma ilegal, arbitraria e ileg\u00edtima por patrullas militares y que el Estado no proporcion\u00f3 informaci\u00f3n inmediata, satisfactoria ni convincente sobre su aprehensi\u00f3n ni sobre su paradero.<\/p>\n<p>La Corte record\u00f3 que, en contextos de seguridad o de estados de excepci\u00f3n, como los que rigen en algunas zonas de Ecuador desde 2024, cuando el presidente Daniel Noboa declar\u00f3 un \u2018conflicto armado interno\u2019 contra las bandas criminales, \u00ablos derechos a la vida y a la integridad personal no pueden suspenderse\u00bb, por lo que \u00ablas actuaciones de los agentes estatales deben desarrollarse con estricto respeto a la Constituci\u00f3n\u00bb.<\/p>\n<p>Disculpas<br \/>\nLos jueces de la Corte Constitucional emitieron una serie de disposiciones al Estado, que servir\u00e1n como reparaci\u00f3n a las v\u00edctimas. Estas incluyen las siguientes medidas:<\/p>\n<p>Disculpas p\u00fablicas a cargo del Comandante General de la Fuerza A\u00e9rea Ecuatoriana, quien deber\u00e1 leer un texto redactado por el tribunal. La disculpa deber\u00e1 mencionar que \u00abel Estado no protegi\u00f3 a Josu\u00e9, Ismael, Steven y Nehem\u00edas, como era su obligaci\u00f3n\u00bb y que las \u00abFuerzas Armadas incumplieron su principal funci\u00f3n: proteger los derechos, libertades y garant\u00edas de los ciudadanos\u00bb.<br \/>\nLa incorporaci\u00f3n de un espacio dedicado a los \u20184 de las Malvinas\u2019 en el Museo de la Memoria.<br \/>\nLa rehabilitaci\u00f3n del parque \u00abLos cuatro ni\u00f1os de Las Malvinas\u00bb ubicado en el sur de Guayaquil. Esta labor estar\u00eda a cargo de las autoridades locales.<br \/>\nLa disposici\u00f3n del 8 de diciembre como d\u00eda conmemorativo en memoria de los ni\u00f1os fallecidos.<br \/>\nIndemnizaciones para las v\u00edctimas equivalentes a 10.000 d\u00f3lares a los padres de las v\u00edctimas y 5.000 d\u00f3lares \u00abde forma global por n\u00facleo familiar\u00bb.<br \/>\nLa Corte tambi\u00e9n estableci\u00f3 plazos espec\u00edficos para que las autoridades cumplan con las obligaciones. (I)<\/p>\n","protected":false},"excerpt":{"rendered":"<p>La Corte Constitucional de Ecuador declar\u00f3 este martes que los cuatro menores afrodescendientes detenidos y asesinados por militares en 2024 en el sector de Las Malvinas, en el sur de Guayaquil, fueron v\u00edctimas de desaparici\u00f3n forzada. Por ello, el organismo orden\u00f3 al Estado que emita disculpas p\u00fablicas, entre otras medidas de reparaci\u00f3n a los familiares [&hellip;]<\/p>\n","protected":false},"author":1,"featured_media":20079,"comment_status":"open","ping_status":"open","sticky":false,"template":"","format":"standard","meta":{"footnotes":""},"categories":[12],"tags":[],"_links":{"self":[{"href":"https:\/\/infozamoraec.com\/index.php\/wp-json\/wp\/v2\/posts\/20078"}],"collection":[{"href":"https:\/\/infozamoraec.com\/index.php\/wp-json\/wp\/v2\/posts"}],"about":[{"href":"https:\/\/infozamoraec.com\/index.php\/wp-json\/wp\/v2\/types\/post"}],"author":[{"embeddable":true,"href":"https:\/\/infozamoraec.com\/index.php\/wp-json\/wp\/v2\/users\/1"}],"replies":[{"embeddable":true,"href":"https:\/\/infozamoraec.com\/index.php\/wp-json\/wp\/v2\/comments?post=20078"}],"version-history":[{"count":1,"href":"https:\/\/infozamoraec.com\/index.php\/wp-json\/wp\/v2\/posts\/20078\/revisions"}],"predecessor-version":[{"id":20080,"href":"https:\/\/infozamoraec.com\/index.php\/wp-json\/wp\/v2\/posts\/20078\/revisions\/20080"}],"wp:featuredmedia":[{"embeddable":true,"href":"https:\/\/infozamoraec.com\/index.php\/wp-json\/wp\/v2\/media\/20079"}],"wp:attachment":[{"href":"https:\/\/infozamoraec.com\/index.php\/wp-json\/wp\/v2\/media?parent=20078"}],"wp:term":[{"taxonomy":"category","embeddable":true,"href":"https:\/\/infozamoraec.com\/index.php\/wp-json\/wp\/v2\/categories?post=20078"},{"taxonomy":"post_tag","embeddable":true,"href":"https:\/\/infozamoraec.com\/index.php\/wp-json\/wp\/v2\/tags?post=20078"}],"curies":[{"name":"wp","href":"https:\/\/api.w.org\/{rel}","templated":true}]}}