{"id":20072,"date":"2026-03-11T01:42:59","date_gmt":"2026-03-11T01:42:59","guid":{"rendered":"https:\/\/infozamoraec.com\/?p=20072"},"modified":"2026-03-11T01:42:59","modified_gmt":"2026-03-11T01:42:59","slug":"cooperativa-union-yantzaza-presentara-nueva-flota-de-buses-por-su-48-aniversario","status":"publish","type":"post","link":"https:\/\/infozamoraec.com\/index.php\/2026\/03\/11\/cooperativa-union-yantzaza-presentara-nueva-flota-de-buses-por-su-48-aniversario\/","title":{"rendered":"Cooperativa Uni\u00f3n Yantzaza presentar\u00e1 nueva flota de buses por su 48 aniversario"},"content":{"rendered":"<p data-start=\"86\" data-end=\"483\">La <span class=\"hover:entity-accent entity-underline inline cursor-pointer align-baseline\"><span class=\"whitespace-normal\">Cooperativa de Transportes Uni\u00f3n Yantzaza<\/span><\/span> realizar\u00e1 el pr\u00f3ximo <strong data-start=\"148\" data-end=\"171\">14 de marzo de 2026<\/strong> la presentaci\u00f3n oficial de sus nuevas unidades de transporte, en el marco de la conmemoraci\u00f3n de sus <strong data-start=\"273\" data-end=\"306\">48 a\u00f1os de vida institucional<\/strong>. El evento se desarrollar\u00e1 en el cant\u00f3n <span class=\"hover:entity-accent entity-underline inline cursor-pointer align-baseline\"><span class=\"whitespace-normal\">Yantzaza<\/span><\/span> y contar\u00e1 con una agenda social, cultural y religiosa preparada para celebrar esta fecha especial.<\/p>\n<p data-start=\"485\" data-end=\"1018\">El gerente de la cooperativa, <span class=\"hover:entity-accent entity-underline inline cursor-pointer align-baseline\"><span class=\"whitespace-normal\">Jos\u00e9 Luis Medina<\/span><\/span>, inform\u00f3 que la nueva flota vehicular realizar\u00e1 un recorrido previo por el cant\u00f3n <span class=\"hover:entity-accent entity-underline inline cursor-pointer align-baseline\"><span class=\"whitespace-normal\">Zamora<\/span><\/span>. Seg\u00fan explic\u00f3, las modernas unidades llegar\u00e1n a las <strong data-start=\"726\" data-end=\"748\">10:30 de la ma\u00f1ana<\/strong>, y a las <strong data-start=\"758\" data-end=\"767\">11:00<\/strong> ser\u00e1n presentadas oficialmente en el <strong data-start=\"805\" data-end=\"832\">parque lineal de Zamora<\/strong>, donde la ciudadan\u00eda podr\u00e1 conocer los buses equipados con tecnolog\u00eda moderna, enfocados en mejorar la seguridad y el confort de los usuarios que realizan viajes dentro de la provincia.<\/p>\n<p data-start=\"1020\" data-end=\"1383\">Posteriormente, la caravana se trasladar\u00e1 al cant\u00f3n Centinela del Condor, all\u00ed se mostrar\u00e1\u00a0 las nuevas\u00a0 unidades a la ciudadan\u00eda, para luego dirigirse luego\u00a0 hacia el cant\u00f3n Yantzaza, donde se realizar\u00e1 el recibimiento en el sector <strong data-start=\"1147\" data-end=\"1162\">Piedra Lisa<\/strong>. Desde ese punto, los veh\u00edculos participar\u00e1n en un recorrido por las principales calles de la ciudad hasta llegar al <strong data-start=\"1280\" data-end=\"1298\">parque central<\/strong>, donde se llevar\u00e1 a cabo una <strong data-start=\"1328\" data-end=\"1382\">misa solemne y la bendici\u00f3n de las nuevas unidades<\/strong>.<\/p>\n<p data-start=\"1385\" data-end=\"1865\">Acto seguido\u00a0 se desarrollar\u00e1 un <strong data-start=\"1429\" data-end=\"1455\">programa sociocultural<\/strong> que incluir\u00e1 presentaciones de danzas tradicionales de la provincia, la participaci\u00f3n de artistas locales y espect\u00e1culos populares como la tradicional \u201cvaca loca\u201d. En la jornada tambi\u00e9n se presentar\u00e1 el grupo <strong data-start=\"1665\" data-end=\"1674\">Sahiro<\/strong>, con un repertorio de baladas, mientras que a la medianoche se realizar\u00e1 el <strong data-start=\"1751\" data-end=\"1811\">canto de cumplea\u00f1os a la cooperativa y un juego de luces<\/strong>, seguido de un baile popular con el grupo <strong data-start=\"1854\" data-end=\"1864\">Escala<\/strong>.<\/p>\n<p data-start=\"1867\" data-end=\"2208\">Medina, resalt\u00f3 que en el 2018 la cooperativa inici\u00f3 un proceso de renovaci\u00f3n de su parque automotor con el objetivo de modernizar el servicio de transporte y ofrecer mejores condiciones a los pasajeros. La organizaci\u00f3n, fundada en <strong data-start=\"2103\" data-end=\"2111\">1978<\/strong>, busca consolidarse como una empresa de transporte con est\u00e1ndares competitivos a nivel nacional.<\/p>\n<p data-start=\"2210\" data-end=\"2537\" data-is-last-node=\"\" data-is-only-node=\"\">Finalmente, el directivo de la cooperativa extendi\u00f3 una invitaci\u00f3n a la ciudadan\u00eda de la provincia de <span class=\"hover:entity-accent entity-underline inline cursor-pointer align-baseline\"><span class=\"whitespace-normal\">Zamora Chinchipe<\/span><\/span> para que participe en las actividades programadas y conozca de cerca la nueva flota vehicular que comenzar\u00e1 a operar en beneficio de los usuarios del transporte interprovincial.<\/p>\n","protected":false},"excerpt":{"rendered":"<p>La Cooperativa de Transportes Uni\u00f3n Yantzaza realizar\u00e1 el pr\u00f3ximo 14 de marzo de 2026 la presentaci\u00f3n oficial de sus nuevas unidades de transporte, en el marco de la conmemoraci\u00f3n de sus 48 a\u00f1os de vida institucional. El evento se desarrollar\u00e1 en el cant\u00f3n Yantzaza y contar\u00e1 con una agenda social, cultural y religiosa preparada para [&hellip;]<\/p>\n","protected":false},"author":1,"featured_media":20073,"comment_status":"open","ping_status":"open","sticky":false,"template":"","format":"standard","meta":{"footnotes":""},"categories":[9],"tags":[],"_links":{"self":[{"href":"https:\/\/infozamoraec.com\/index.php\/wp-json\/wp\/v2\/posts\/20072"}],"collection":[{"href":"https:\/\/infozamoraec.com\/index.php\/wp-json\/wp\/v2\/posts"}],"about":[{"href":"https:\/\/infozamoraec.com\/index.php\/wp-json\/wp\/v2\/types\/post"}],"author":[{"embeddable":true,"href":"https:\/\/infozamoraec.com\/index.php\/wp-json\/wp\/v2\/users\/1"}],"replies":[{"embeddable":true,"href":"https:\/\/infozamoraec.com\/index.php\/wp-json\/wp\/v2\/comments?post=20072"}],"version-history":[{"count":1,"href":"https:\/\/infozamoraec.com\/index.php\/wp-json\/wp\/v2\/posts\/20072\/revisions"}],"predecessor-version":[{"id":20074,"href":"https:\/\/infozamoraec.com\/index.php\/wp-json\/wp\/v2\/posts\/20072\/revisions\/20074"}],"wp:featuredmedia":[{"embeddable":true,"href":"https:\/\/infozamoraec.com\/index.php\/wp-json\/wp\/v2\/media\/20073"}],"wp:attachment":[{"href":"https:\/\/infozamoraec.com\/index.php\/wp-json\/wp\/v2\/media?parent=20072"}],"wp:term":[{"taxonomy":"category","embeddable":true,"href":"https:\/\/infozamoraec.com\/index.php\/wp-json\/wp\/v2\/categories?post=20072"},{"taxonomy":"post_tag","embeddable":true,"href":"https:\/\/infozamoraec.com\/index.php\/wp-json\/wp\/v2\/tags?post=20072"}],"curies":[{"name":"wp","href":"https:\/\/api.w.org\/{rel}","templated":true}]}}