{"id":20066,"date":"2026-03-10T21:08:03","date_gmt":"2026-03-10T21:08:03","guid":{"rendered":"https:\/\/infozamoraec.com\/?p=20066"},"modified":"2026-03-10T21:10:06","modified_gmt":"2026-03-10T21:10:06","slug":"utpl-oferta-cinco-nuevas-carreras-en-linea","status":"publish","type":"post","link":"https:\/\/infozamoraec.com\/index.php\/2026\/03\/10\/utpl-oferta-cinco-nuevas-carreras-en-linea\/","title":{"rendered":"UTPL presenta cinco nuevas carreras en l\u00ednea y celebra 50 a\u00f1os de educaci\u00f3n a distancia"},"content":{"rendered":"<p data-start=\"93\" data-end=\"476\">La <span class=\"hover:entity-accent entity-underline inline cursor-pointer align-baseline\"><span class=\"whitespace-normal\">Universidad T\u00e9cnica Particular de Loja<\/span><\/span> (UTPL) present\u00f3 en Quito cinco nuevas carreras en modalidad en l\u00ednea durante el encuentro <strong data-start=\"224\" data-end=\"249\">\u201cUTPL Conecta Futuro\u201d<\/strong>, un espacio en el que tambi\u00e9n se dio a conocer la imagen conmemorativa por los <strong data-start=\"329\" data-end=\"365\">50 a\u00f1os de educaci\u00f3n a distancia<\/strong> de la instituci\u00f3n, trayectoria que la posiciona como pionera en modelos educativos flexibles en Latinoam\u00e9rica.<\/p>\n<p data-start=\"478\" data-end=\"986\">Durante el evento, el rector <span class=\"hover:entity-accent entity-underline inline cursor-pointer align-baseline\"><span class=\"whitespace-normal\">Santiago Acosta Aide<\/span><\/span> destac\u00f3 que la educaci\u00f3n constituye un eje fundamental para el desarrollo del pa\u00eds y resalt\u00f3 la importancia de fortalecer la articulaci\u00f3n entre la academia, el sector p\u00fablico y la empresa privada para impulsar la formaci\u00f3n de talento especializado. Adem\u00e1s, se\u00f1al\u00f3 que la universidad ha respondido a los cambios tecnol\u00f3gicos mediante el fortalecimiento de modelos educativos innovadores, particularmente en las modalidades en l\u00ednea e h\u00edbrida.<\/p>\n<p data-start=\"988\" data-end=\"1290\">Por su parte, la vicerrectora acad\u00e9mica <span class=\"hover:entity-accent entity-underline inline cursor-pointer align-baseline\"><span class=\"whitespace-normal\">Cristina D\u00edaz de la Cruz<\/span><\/span> explic\u00f3 que la nueva oferta acad\u00e9mica responde a una visi\u00f3n orientada a generar soluciones a problem\u00e1ticas reales del pa\u00eds, a trav\u00e9s de una formaci\u00f3n pertinente y conectada con las necesidades actuales y futuras del entorno.<\/p>\n<p data-start=\"1292\" data-end=\"1748\">La propuesta acad\u00e9mica incluye las carreras de <strong data-start=\"1339\" data-end=\"1530\">GovTech y Administraci\u00f3n P\u00fablica, Negocios Tur\u00edsticos y Gastron\u00f3micos, Ingenier\u00eda en Energ\u00eda, Ingenier\u00eda en Riesgos y Cambio Clim\u00e1tico, e Ingenier\u00eda en Recursos Naturales y Sostenibilidad<\/strong>. Estas carreras est\u00e1n enfocadas en responder a desaf\u00edos clave del Ecuador, como la transici\u00f3n energ\u00e9tica, la gesti\u00f3n de riesgos, la sostenibilidad, el turismo sostenible y la transformaci\u00f3n digital del sector p\u00fablico.<\/p>\n<p data-start=\"1750\" data-end=\"2075\">El evento reuni\u00f3 a autoridades acad\u00e9micas, representantes de instituciones p\u00fablicas, empresas privadas, c\u00e1maras de producci\u00f3n y l\u00edderes de opini\u00f3n, quienes conocieron de manera pr\u00e1ctica el enfoque de las nuevas carreras y exploraron oportunidades de colaboraci\u00f3n interinstitucional para la formaci\u00f3n de talento especializado.<\/p>\n<p data-start=\"2077\" data-end=\"2370\" data-is-last-node=\"\" data-is-only-node=\"\">Con esta iniciativa, la UTPL fortalece su liderazgo en educaci\u00f3n en l\u00ednea y reafirma su apuesta por la innovaci\u00f3n, la colaboraci\u00f3n y la pertinencia acad\u00e9mica para formar profesionales capaces de enfrentar los retos del pa\u00eds y contribuir al desarrollo social, econ\u00f3mico y ambiental del Ecuador<\/p>\n","protected":false},"excerpt":{"rendered":"<p>La Universidad T\u00e9cnica Particular de Loja (UTPL) present\u00f3 en Quito cinco nuevas carreras en modalidad en l\u00ednea durante el encuentro \u201cUTPL Conecta Futuro\u201d, un espacio en el que tambi\u00e9n se dio a conocer la imagen conmemorativa por los 50 a\u00f1os de educaci\u00f3n a distancia de la instituci\u00f3n, trayectoria que la posiciona como pionera en modelos [&hellip;]<\/p>\n","protected":false},"author":1,"featured_media":20067,"comment_status":"open","ping_status":"open","sticky":false,"template":"","format":"standard","meta":{"footnotes":""},"categories":[12],"tags":[],"_links":{"self":[{"href":"https:\/\/infozamoraec.com\/index.php\/wp-json\/wp\/v2\/posts\/20066"}],"collection":[{"href":"https:\/\/infozamoraec.com\/index.php\/wp-json\/wp\/v2\/posts"}],"about":[{"href":"https:\/\/infozamoraec.com\/index.php\/wp-json\/wp\/v2\/types\/post"}],"author":[{"embeddable":true,"href":"https:\/\/infozamoraec.com\/index.php\/wp-json\/wp\/v2\/users\/1"}],"replies":[{"embeddable":true,"href":"https:\/\/infozamoraec.com\/index.php\/wp-json\/wp\/v2\/comments?post=20066"}],"version-history":[{"count":4,"href":"https:\/\/infozamoraec.com\/index.php\/wp-json\/wp\/v2\/posts\/20066\/revisions"}],"predecessor-version":[{"id":20071,"href":"https:\/\/infozamoraec.com\/index.php\/wp-json\/wp\/v2\/posts\/20066\/revisions\/20071"}],"wp:featuredmedia":[{"embeddable":true,"href":"https:\/\/infozamoraec.com\/index.php\/wp-json\/wp\/v2\/media\/20067"}],"wp:attachment":[{"href":"https:\/\/infozamoraec.com\/index.php\/wp-json\/wp\/v2\/media?parent=20066"}],"wp:term":[{"taxonomy":"category","embeddable":true,"href":"https:\/\/infozamoraec.com\/index.php\/wp-json\/wp\/v2\/categories?post=20066"},{"taxonomy":"post_tag","embeddable":true,"href":"https:\/\/infozamoraec.com\/index.php\/wp-json\/wp\/v2\/tags?post=20066"}],"curies":[{"name":"wp","href":"https:\/\/api.w.org\/{rel}","templated":true}]}}