{"id":20060,"date":"2026-03-10T20:10:45","date_gmt":"2026-03-10T20:10:45","guid":{"rendered":"https:\/\/infozamoraec.com\/?p=20060"},"modified":"2026-03-10T20:10:45","modified_gmt":"2026-03-10T20:10:45","slug":"mas-de-50-mujeres-de-yantzaza-fortalecen-su-voz-y-liderazgo-en-taller-de-oratoria","status":"publish","type":"post","link":"https:\/\/infozamoraec.com\/index.php\/2026\/03\/10\/mas-de-50-mujeres-de-yantzaza-fortalecen-su-voz-y-liderazgo-en-taller-de-oratoria\/","title":{"rendered":"M\u00e1s de 50 mujeres de Yantzaza fortalecen su voz y liderazgo en taller de oratoria"},"content":{"rendered":"<p>Yantzaza. \u2014 Con entusiasmo, inspiraci\u00f3n y un profundo compromiso por el desarrollo de sus comunidades, m\u00e1s de 50 mujeres provenientes de distintas parroquias del cant\u00f3n Yantzaza participaron en la clausura del Taller de Oratoria Moderna y Profesional, un espacio formativo que busc\u00f3 fortalecer la voz, el liderazgo y la participaci\u00f3n activa de las mujeres en los procesos sociales y comunitarios.<\/p>\n<p>Durante varias jornadas de aprendizaje, las participantes adquirieron herramientas para mejorar su capacidad de comunicaci\u00f3n, liderazgo y expresi\u00f3n en espacios p\u00fablicos, reafirmando que la palabra es tambi\u00e9n una herramienta de transformaci\u00f3n social.<br \/>\nMar\u00eda Lalangui, alcaldesa del cant\u00f3n manifiesto: \u201cAgradecerles a ustedes por la participaci\u00f3n, m\u00e1s adelante vamos a seguir brindando este tipo de talleres para ir mejorando en las diferentes \u00e1reas\u201d, expres\u00f3.<\/p>\n<p>Por su parte Mercedes Obando, participante del taller indic\u00f3: \u201cAgradezco a las autoridades por dar espacio a este tipo de eventos, especialmente para formar mujeres lideresas y aprendimos a fortalecer nuestra vos\u201d mencion\u00f3.<\/p>\n<p>Raquel Zamare\u00f1o, participante del taller, destac\u00f3 \u201cEstoy muy emocionada en este momento, la alcaldesa ha podido ver las necesidades de cada una de nosotras para poder formar ese liderazgo y representar cada una de nuestras parroquias y nuestra identidad cultural\u201d acot\u00f3.<\/p>\n<p>Las participantes coincidieron en que este espacio no solo fue una oportunidad para aprender t\u00e9cnicas de oratoria, sino tambi\u00e9n para reafirmar la importancia de la participaci\u00f3n de las mujeres en los espacios de decisi\u00f3n y liderazgo comunitario.<\/p>\n<p>Con este tipo de iniciativas, la Alcald\u00eda de Yantzaza contin\u00faa promoviendo procesos de formaci\u00f3n y empoderamiento que impulsan el liderazgo femenino y fortalecen el tejido social en las comunidades del cant\u00f3n, quienes ahora llevan consigo nuevas herramientas para expresar sus ideas, defender sus proyectos y convertirse en agentes de cambio en sus parroquias.<\/p>\n","protected":false},"excerpt":{"rendered":"<p>Yantzaza. \u2014 Con entusiasmo, inspiraci\u00f3n y un profundo compromiso por el desarrollo de sus comunidades, m\u00e1s de 50 mujeres provenientes de distintas parroquias del cant\u00f3n Yantzaza participaron en la clausura del Taller de Oratoria Moderna y Profesional, un espacio formativo que busc\u00f3 fortalecer la voz, el liderazgo y la participaci\u00f3n activa de las mujeres en [&hellip;]<\/p>\n","protected":false},"author":1,"featured_media":20061,"comment_status":"open","ping_status":"open","sticky":false,"template":"","format":"standard","meta":{"footnotes":""},"categories":[9],"tags":[],"_links":{"self":[{"href":"https:\/\/infozamoraec.com\/index.php\/wp-json\/wp\/v2\/posts\/20060"}],"collection":[{"href":"https:\/\/infozamoraec.com\/index.php\/wp-json\/wp\/v2\/posts"}],"about":[{"href":"https:\/\/infozamoraec.com\/index.php\/wp-json\/wp\/v2\/types\/post"}],"author":[{"embeddable":true,"href":"https:\/\/infozamoraec.com\/index.php\/wp-json\/wp\/v2\/users\/1"}],"replies":[{"embeddable":true,"href":"https:\/\/infozamoraec.com\/index.php\/wp-json\/wp\/v2\/comments?post=20060"}],"version-history":[{"count":1,"href":"https:\/\/infozamoraec.com\/index.php\/wp-json\/wp\/v2\/posts\/20060\/revisions"}],"predecessor-version":[{"id":20062,"href":"https:\/\/infozamoraec.com\/index.php\/wp-json\/wp\/v2\/posts\/20060\/revisions\/20062"}],"wp:featuredmedia":[{"embeddable":true,"href":"https:\/\/infozamoraec.com\/index.php\/wp-json\/wp\/v2\/media\/20061"}],"wp:attachment":[{"href":"https:\/\/infozamoraec.com\/index.php\/wp-json\/wp\/v2\/media?parent=20060"}],"wp:term":[{"taxonomy":"category","embeddable":true,"href":"https:\/\/infozamoraec.com\/index.php\/wp-json\/wp\/v2\/categories?post=20060"},{"taxonomy":"post_tag","embeddable":true,"href":"https:\/\/infozamoraec.com\/index.php\/wp-json\/wp\/v2\/tags?post=20060"}],"curies":[{"name":"wp","href":"https:\/\/api.w.org\/{rel}","templated":true}]}}