{"id":20052,"date":"2026-03-10T12:21:58","date_gmt":"2026-03-10T12:21:58","guid":{"rendered":"https:\/\/infozamoraec.com\/?p=20052"},"modified":"2026-03-10T12:21:58","modified_gmt":"2026-03-10T12:21:58","slug":"paquisha-conmemoro-el-dia-internacional-de-la-mujer-con-la-presentacion-del-centro-de-atencion-integral-punto-violeta","status":"publish","type":"post","link":"https:\/\/infozamoraec.com\/index.php\/2026\/03\/10\/paquisha-conmemoro-el-dia-internacional-de-la-mujer-con-la-presentacion-del-centro-de-atencion-integral-punto-violeta\/","title":{"rendered":"Paquisha conmemor\u00f3 el D\u00eda Internacional de la Mujer con la presentaci\u00f3n del Centro de Atenci\u00f3n Integral \u2018Punto Violeta\u2019"},"content":{"rendered":"<p>Paquisha. \u2013 En el marco de la conmemoraci\u00f3n del D\u00eda Internacional de la Mujer, el Gobierno Aut\u00f3nomo Descentralizado Municipal de Paquisha, socializ\u00f3 el proyecto de construcci\u00f3n del Centro de Atenci\u00f3n Integral \u201cPunto Violeta\u201d, un lugar destinado a brindar atenci\u00f3n especializada a v\u00edctimas de violencia con enfoque en la igualdad de g\u00e9nero.<\/p>\n<p>Este lunes 9 de marzo, en el auditorio municipal, se desarroll\u00f3 la jornada denominada \u201cPaquisha Seguro para Mujeres y Ni\u00f1as\u201d, un espacio de encuentro y reflexi\u00f3n que incluy\u00f3 un taller participativo de integraci\u00f3n femenina y la socializaci\u00f3n de este importante proyecto que busca garantizar el acceso a servicios de apoyo y espacios seguros para mujeres, adolescentes y ni\u00f1as, bajo principios de seguridad, privacidad, confidencialidad, contenci\u00f3n y no revictimizaci\u00f3n.<\/p>\n<p>Durante el evento, Lizeth Abad, abogada y ciudadana paquishense, expres\u00f3 su satisfacci\u00f3n por esta iniciativa municipal. Se\u00f1al\u00f3 que la construcci\u00f3n del centro representa un avance significativo para el cant\u00f3n, ya que permitir\u00e1 brindar atenci\u00f3n digna y oportuna a quienes atraviesan situaciones de violencia.<\/p>\n<p>El proyecto contempla tres espacios principales:<br \/>\n\u2022 Bloque administrativo, destinado a la atenci\u00f3n multidisciplinaria, donde se brindar\u00e1 acompa\u00f1amiento psicol\u00f3gico, asesor\u00eda legal y atenci\u00f3n social especializada.<br \/>\n\u2022 Bloque de talleres y capacitaciones, orientado al desarrollo de procesos formativos, prevenci\u00f3n de la violencia y fortalecimiento de capacidades comunitarias.<br \/>\n\u2022 Sala de audiencias, un espacio adecuado para el desarrollo de procesos judiciales y la articulaci\u00f3n con el sistema de justicia, garantizando atenci\u00f3n oportuna y confidencial.<\/p>\n<p>La obra contar\u00e1 con una inversi\u00f3n de 120 mil d\u00f3lares y se construir\u00e1 en el barrio San Jos\u00e9 de la ciudad de Paquisha. Actualmente, el proyecto se encuentra en fase de proceso t\u00e9cnico\u2013legal previo a la contrataci\u00f3n de la obra.<br \/>\nEl alcalde del cant\u00f3n Paquisha, Paul Rodr\u00edguez, se\u00f1al\u00f3 que esta iniciativa busca conmemorar esta fecha significativa con acciones concretas en favor de las mujeres del cant\u00f3n.<\/p>\n<p>\u201cQuisimos conmemorar esta fecha tan importante de una manera diferente, presentando una infraestructura pensada para proteger, escuchar y acompa\u00f1ar a las mujeres, promoviendo una vida libre de violencia\u201d, manifest\u00f3.<\/p>\n<p>En esta jornada participaron representantes de la Comisar\u00eda de Polic\u00eda, Distrito de Salud, estudiantes de diferentes establecimientos educativos y delegadas de organizaciones de mujeres del cant\u00f3n.<\/p>\n","protected":false},"excerpt":{"rendered":"<p>Paquisha. \u2013 En el marco de la conmemoraci\u00f3n del D\u00eda Internacional de la Mujer, el Gobierno Aut\u00f3nomo Descentralizado Municipal de Paquisha, socializ\u00f3 el proyecto de construcci\u00f3n del Centro de Atenci\u00f3n Integral \u201cPunto Violeta\u201d, un lugar destinado a brindar atenci\u00f3n especializada a v\u00edctimas de violencia con enfoque en la igualdad de g\u00e9nero. Este lunes 9 de [&hellip;]<\/p>\n","protected":false},"author":1,"featured_media":20053,"comment_status":"open","ping_status":"open","sticky":false,"template":"","format":"standard","meta":{"footnotes":""},"categories":[9],"tags":[],"_links":{"self":[{"href":"https:\/\/infozamoraec.com\/index.php\/wp-json\/wp\/v2\/posts\/20052"}],"collection":[{"href":"https:\/\/infozamoraec.com\/index.php\/wp-json\/wp\/v2\/posts"}],"about":[{"href":"https:\/\/infozamoraec.com\/index.php\/wp-json\/wp\/v2\/types\/post"}],"author":[{"embeddable":true,"href":"https:\/\/infozamoraec.com\/index.php\/wp-json\/wp\/v2\/users\/1"}],"replies":[{"embeddable":true,"href":"https:\/\/infozamoraec.com\/index.php\/wp-json\/wp\/v2\/comments?post=20052"}],"version-history":[{"count":2,"href":"https:\/\/infozamoraec.com\/index.php\/wp-json\/wp\/v2\/posts\/20052\/revisions"}],"predecessor-version":[{"id":20055,"href":"https:\/\/infozamoraec.com\/index.php\/wp-json\/wp\/v2\/posts\/20052\/revisions\/20055"}],"wp:featuredmedia":[{"embeddable":true,"href":"https:\/\/infozamoraec.com\/index.php\/wp-json\/wp\/v2\/media\/20053"}],"wp:attachment":[{"href":"https:\/\/infozamoraec.com\/index.php\/wp-json\/wp\/v2\/media?parent=20052"}],"wp:term":[{"taxonomy":"category","embeddable":true,"href":"https:\/\/infozamoraec.com\/index.php\/wp-json\/wp\/v2\/categories?post=20052"},{"taxonomy":"post_tag","embeddable":true,"href":"https:\/\/infozamoraec.com\/index.php\/wp-json\/wp\/v2\/tags?post=20052"}],"curies":[{"name":"wp","href":"https:\/\/api.w.org\/{rel}","templated":true}]}}