{"id":20046,"date":"2026-03-10T01:27:21","date_gmt":"2026-03-10T01:27:21","guid":{"rendered":"https:\/\/infozamoraec.com\/?p=20046"},"modified":"2026-03-10T01:27:21","modified_gmt":"2026-03-10T01:27:21","slug":"colombia-petro-critica-exclusion-del-escudo-de-las-americas","status":"publish","type":"post","link":"https:\/\/infozamoraec.com\/index.php\/2026\/03\/10\/colombia-petro-critica-exclusion-del-escudo-de-las-americas\/","title":{"rendered":"Colombia: Petro critica exclusi\u00f3n del Escudo de las Am\u00e9ricas"},"content":{"rendered":"<p>El presidente de Colombia, Gustavo Petro, critic\u00f3 este lunes (09.03.2026) la exclusi\u00f3n de su pa\u00eds, el principal productor de coca\u00edna, de una alianza creada por Estados Unidos con 17 pa\u00edses latinoamericanos para \u00abdestruir\u00bb a los c\u00e1rteles narcotraficantes.<\/p>\n<p>Donald Trump anunci\u00f3 el s\u00e1bado una estrategia para utilizar la \u00abfuerza militar letal\u00bb en contra de narcos y \u00abredes terroristas\u00bb de la regi\u00f3n, en el marco de una cumbre con mandatarios aliados en su club de golf en Doral, cerca de Miami (Florida).<\/p>\n<p>En el encuentro, el l\u00edder estadounidense recibi\u00f3 a sus hom\u00f3logos de Argentina, El Salvador, Ecuador y al presidente electo de Chile, Jos\u00e9 Antonio Kast, entre otros.<\/p>\n<p>La mayor\u00eda de los invitados comparte la preocupaci\u00f3n de Washington por el auge del crimen organizado en el continente.<\/p>\n<p>El presidente de Colombia, el pa\u00eds donde m\u00e1s se produce coca\u00edna en el mundo, se quej\u00f3 el lunes por su exclusi\u00f3n en esta alianza.<\/p>\n<p>\u00abColombia es esencial por su experiencia\u00bb<br \/>\n\u00abEn el caso de la coca\u00edna Colombia es esencial por su experiencia\u00bb, sostuvo el mandatario izquierdista en un evento sobre la lucha contra las drogas en Viena.<\/p>\n<p>\u00abNo critico que se hagan coaliciones pol\u00edticas\u00bb, \u00abpero s\u00ed me parece que con 17 pa\u00edses peque\u00f1os, d\u00e9biles y sin experiencia\u00bb \u00abno se puede hacer un escudo\u00bb contra las mafias, sostuvo.<\/p>\n<p>Trump tambi\u00e9n dej\u00f3 por fuera de la alianza a M\u00e9xico y Brasil, pa\u00edses clave para el tr\u00e1fico de drogas en la regi\u00f3n.<\/p>\n<p>El mandatario de Estados Unidos emprendi\u00f3 desde su regreso a la presidencia a una campa\u00f1a de mano dura contra las mafias que incluyen bombardeos a supuestas lanchas utilizadas para el narcotr\u00e1fico en el Caribe y el Pac\u00edfico.<\/p>\n<p>Petro ha criticado esos ataques. Washington no ha aportado pruebas concluyentes de que las embarcaciones que ataca est\u00e9n involucradas en el tr\u00e1fico de drogas.<\/p>\n<p>Durante meses distanciados, Trump le impuso sanciones financieras al colombiano por supuestamente hacer esfuerzos insuficientes para detener a los narcos.<\/p>\n<p>Los mandatarios limaron asperezas el 3 de febrero en un encuentro en la Casa Blanca en el que acordaron coordinar la persecuci\u00f3n a carteles y guerrillas en Colombia.<\/p>\n<p>mg (afp, Blu Radio)<\/p>\n","protected":false},"excerpt":{"rendered":"<p>El presidente de Colombia, Gustavo Petro, critic\u00f3 este lunes (09.03.2026) la exclusi\u00f3n de su pa\u00eds, el principal productor de coca\u00edna, de una alianza creada por Estados Unidos con 17 pa\u00edses latinoamericanos para \u00abdestruir\u00bb a los c\u00e1rteles narcotraficantes. Donald Trump anunci\u00f3 el s\u00e1bado una estrategia para utilizar la \u00abfuerza militar letal\u00bb en contra de narcos y [&hellip;]<\/p>\n","protected":false},"author":1,"featured_media":20047,"comment_status":"open","ping_status":"open","sticky":false,"template":"","format":"standard","meta":{"footnotes":""},"categories":[8],"tags":[],"_links":{"self":[{"href":"https:\/\/infozamoraec.com\/index.php\/wp-json\/wp\/v2\/posts\/20046"}],"collection":[{"href":"https:\/\/infozamoraec.com\/index.php\/wp-json\/wp\/v2\/posts"}],"about":[{"href":"https:\/\/infozamoraec.com\/index.php\/wp-json\/wp\/v2\/types\/post"}],"author":[{"embeddable":true,"href":"https:\/\/infozamoraec.com\/index.php\/wp-json\/wp\/v2\/users\/1"}],"replies":[{"embeddable":true,"href":"https:\/\/infozamoraec.com\/index.php\/wp-json\/wp\/v2\/comments?post=20046"}],"version-history":[{"count":1,"href":"https:\/\/infozamoraec.com\/index.php\/wp-json\/wp\/v2\/posts\/20046\/revisions"}],"predecessor-version":[{"id":20048,"href":"https:\/\/infozamoraec.com\/index.php\/wp-json\/wp\/v2\/posts\/20046\/revisions\/20048"}],"wp:featuredmedia":[{"embeddable":true,"href":"https:\/\/infozamoraec.com\/index.php\/wp-json\/wp\/v2\/media\/20047"}],"wp:attachment":[{"href":"https:\/\/infozamoraec.com\/index.php\/wp-json\/wp\/v2\/media?parent=20046"}],"wp:term":[{"taxonomy":"category","embeddable":true,"href":"https:\/\/infozamoraec.com\/index.php\/wp-json\/wp\/v2\/categories?post=20046"},{"taxonomy":"post_tag","embeddable":true,"href":"https:\/\/infozamoraec.com\/index.php\/wp-json\/wp\/v2\/tags?post=20046"}],"curies":[{"name":"wp","href":"https:\/\/api.w.org\/{rel}","templated":true}]}}