{"id":20040,"date":"2026-03-10T01:23:51","date_gmt":"2026-03-10T01:23:51","guid":{"rendered":"https:\/\/infozamoraec.com\/?p=20040"},"modified":"2026-03-10T01:23:51","modified_gmt":"2026-03-10T01:23:51","slug":"gobierno-pide-respetar-el-toque-de-queda-mientras-se-ejecutan-operaciones-contra-grupos-criminales","status":"publish","type":"post","link":"https:\/\/infozamoraec.com\/index.php\/2026\/03\/10\/gobierno-pide-respetar-el-toque-de-queda-mientras-se-ejecutan-operaciones-contra-grupos-criminales\/","title":{"rendered":"Gobierno pide respetar el toque de queda mientras se ejecutan operaciones contra grupos criminales"},"content":{"rendered":"<p>El ministro del Interior, John Reimberg, reiter\u00f3 este lunes 9 de marzo que el toque de queda dispuesto por el Gobierno responde a un plan para ejecutar operaciones dirigidas contra los grupos criminales y sus econom\u00edas.<\/p>\n<p>La restricci\u00f3n es desde el 15 hasta el 30 de marzo en Guayas, El Oro, Santo Domingo y Los R\u00edos.<\/p>\n<p>Seg\u00fan el Gobierno, esta disposici\u00f3n ser\u00eda parte de una nueva fase de lucha contra el narcotr\u00e1fico y crimen organizado.<\/p>\n<p>Reimberg se\u00f1al\u00f3 que cuentan con objetivos claros y que se ha establecido un centro de mando desde donde se controlar\u00e1n las operaciones.<\/p>\n<p>En ese espacio, indic\u00f3, estar\u00e1 el presidente Daniel Noboa, quien dispondr\u00e1 las acciones que se ejecutar\u00e1n en el territorio.<\/p>\n<p>Sobre el toque de queda, John Reimberg insisti\u00f3 en que la ciudadan\u00eda debe respetar esta medida.<\/p>\n<p>\u201cHa sucedido que a veces quieren irrespetar el toque de queda. Esta vez no lo hagan porque ahora es un ataque fuerte y contundente contra los grupos criminales. Requerimos que se queden en sus casas porque no queremos da\u00f1os o v\u00edctimas colaterales\u201d, manifest\u00f3.<\/p>\n<p>Por ello, a\u00f1adi\u00f3 que se ha establecido esta restricci\u00f3n de movilidad mientras se desarrollan los operativos.<\/p>\n<p>Seg\u00fan dijo, las acciones se ejecutar\u00e1n de forma conjunta con Estados Unidos.<\/p>\n<p>\u201cHemos establecido este toque de queda para que la gente respete y est\u00e9 dentro de su hogar mientras nosotros, como fuerza p\u00fablica y aliados de Estados Unidos, hacemos todos los ataques necesarios a todos estos grupos criminales y sus econom\u00edas\u201d, expres\u00f3.<\/p>\n<p>El ministro agreg\u00f3 que, aunque el toque de queda fue fijado por un periodo de 15 d\u00edas y concluye el 30 de marzo, las operaciones combinadas continuar\u00e1n y, de ser necesario, la medida podr\u00eda ampliarse.<\/p>\n<p>\u201cSi es necesario extender, se lo va a hacer\u201d, concluy\u00f3 Reimberg.<\/p>\n<p>Por su parte, Pablo D\u00e1vila, comandante general de la Polic\u00eda Nacional, indic\u00f3 que en las operaciones participar\u00e1n tanto polic\u00edas como militares.<\/p>\n<p>Afirmando que no se descuidar\u00e1n las dem\u00e1s actividades que realiza la instituci\u00f3n.<\/p>\n","protected":false},"excerpt":{"rendered":"<p>El ministro del Interior, John Reimberg, reiter\u00f3 este lunes 9 de marzo que el toque de queda dispuesto por el Gobierno responde a un plan para ejecutar operaciones dirigidas contra los grupos criminales y sus econom\u00edas. La restricci\u00f3n es desde el 15 hasta el 30 de marzo en Guayas, El Oro, Santo Domingo y Los [&hellip;]<\/p>\n","protected":false},"author":1,"featured_media":20041,"comment_status":"open","ping_status":"open","sticky":false,"template":"","format":"standard","meta":{"footnotes":""},"categories":[12],"tags":[],"_links":{"self":[{"href":"https:\/\/infozamoraec.com\/index.php\/wp-json\/wp\/v2\/posts\/20040"}],"collection":[{"href":"https:\/\/infozamoraec.com\/index.php\/wp-json\/wp\/v2\/posts"}],"about":[{"href":"https:\/\/infozamoraec.com\/index.php\/wp-json\/wp\/v2\/types\/post"}],"author":[{"embeddable":true,"href":"https:\/\/infozamoraec.com\/index.php\/wp-json\/wp\/v2\/users\/1"}],"replies":[{"embeddable":true,"href":"https:\/\/infozamoraec.com\/index.php\/wp-json\/wp\/v2\/comments?post=20040"}],"version-history":[{"count":1,"href":"https:\/\/infozamoraec.com\/index.php\/wp-json\/wp\/v2\/posts\/20040\/revisions"}],"predecessor-version":[{"id":20042,"href":"https:\/\/infozamoraec.com\/index.php\/wp-json\/wp\/v2\/posts\/20040\/revisions\/20042"}],"wp:featuredmedia":[{"embeddable":true,"href":"https:\/\/infozamoraec.com\/index.php\/wp-json\/wp\/v2\/media\/20041"}],"wp:attachment":[{"href":"https:\/\/infozamoraec.com\/index.php\/wp-json\/wp\/v2\/media?parent=20040"}],"wp:term":[{"taxonomy":"category","embeddable":true,"href":"https:\/\/infozamoraec.com\/index.php\/wp-json\/wp\/v2\/categories?post=20040"},{"taxonomy":"post_tag","embeddable":true,"href":"https:\/\/infozamoraec.com\/index.php\/wp-json\/wp\/v2\/tags?post=20040"}],"curies":[{"name":"wp","href":"https:\/\/api.w.org\/{rel}","templated":true}]}}