{"id":20034,"date":"2026-03-10T01:20:44","date_gmt":"2026-03-10T01:20:44","guid":{"rendered":"https:\/\/infozamoraec.com\/?p=20034"},"modified":"2026-03-10T01:20:44","modified_gmt":"2026-03-10T01:20:44","slug":"juan-andres-gonzalez-jefe-de-la-bancada-correista-perdera-su-inmunidad-parlamentaria","status":"publish","type":"post","link":"https:\/\/infozamoraec.com\/index.php\/2026\/03\/10\/juan-andres-gonzalez-jefe-de-la-bancada-correista-perdera-su-inmunidad-parlamentaria\/","title":{"rendered":"Juan Andr\u00e9s Gonz\u00e1lez, jefe de la bancada corre\u00edsta, perder\u00e1 su inmunidad parlamentaria"},"content":{"rendered":"<p>El presidente de la Asamblea Nacional, Niels Olsen, inform\u00f3 este lunes 9 de marzo a trav\u00e9s de un video colgado en sus redes sociales, que el asamble\u00edsta de la Revoluci\u00f3n Ciudadana, Juan Andr\u00e9s Gonz\u00e1lez, perdi\u00f3 su inmunidad parlamentaria y deber\u00e1 responder ante la justicia.<\/p>\n<p>Esta decicis\u00f3n se da luego que la legisladora Naila Quintana (ADN) interpusiera una querella contra Gonz\u00e1lez. Olsen inform\u00f3 que resolvi\u00f3 suspender el tratamiento del pedido de autorizaci\u00f3n para el enjuiciamiento del legislador, lo que permite que el proceso judicial contin\u00fae en su contra por pesuntas calumnias contra integrantes de ADN.<\/p>\n<p>En sus videos, Olsen expres\u00f3: \u00ab\u00bfQu\u00e9 pasar\u00eda si t\u00fa insultas a la Polic\u00eda o a los militares, o si acusas a alguien sin pruebas y da\u00f1as la honra de esa persona? Habr\u00edan consecuencias. Los ecuatorianos est\u00e1n cansados de ver c\u00f3mo unos usan la inmunidad parlamentaria como escudo para abusar del poder. La inmunidad no es impunidad\u00bb, manifest\u00f3.<\/p>\n<p>Adem\u00e1s, el presidente del Legislativo advirti\u00f3 que \u00abcada vez que alguien dentro de la Asamblea Nacional intente usar la inmunidad como escudo para abusar del poder, me tendr\u00e1 aqu\u00ed para recordarle: la ley es la misma para todos y jam\u00e1s escondite para nadie\u00bb.<\/p>\n<p>Juan Andr\u00e9s Gonz\u00e1lez asegur\u00f3 que la medida busca judicializar sus cr\u00edticas y su labor de fiscalizaci\u00f3n.<\/p>\n<p>\u00abEcuatorianos. Hoy levantaron mi inmunidad parlamentaria para intentar judicializar mis cr\u00edticas y mi labor de fiscalizaci\u00f3n. Seguir\u00e9 trabajando y denunciando lo que considero injusto, porque para eso fui elegido por el pueblo ecuatoriano\u00bb, escribi\u00f3 el legislador en sus redes sociales.<\/p>\n<p>Correa reacciona y llama \u00abpersecuci\u00f3n pol\u00edtica\u00bb<br \/>\nEl expresidente Rafael Correa tambi\u00e9n reaccion\u00f3 a la decisi\u00f3n de Olsen y cuestion\u00f3 el procedimiento utilizado para que el legislador pierda su inmunidad.<\/p>\n<p>En su cuenta de X escribi\u00f3:<\/p>\n<p>\u201c\u00bfSaben lo que est\u00e1 confesando Olsen? En su incapacidad ni siquiera se da cuenta: manipul\u00f3 el silencio administrativo para levantar la inmunidad al asamble\u00edsta Juan Andr\u00e9s Gonz\u00e1lez, ya que no ten\u00eda los dos tercios de los votos\u201d, escribi\u00f3.<\/p>\n<p>\u00abEsto es un absurdo. Para levantar la inmunidad se requiere 2\/3 de los votos. Pero si el sinverg\u00fcenza del presidente de la Asamblea no lo pone en el orden del d\u00eda, despu\u00e9s de un mes pasa sin NING\u00daN voto Ese art\u00edculo de la ley, incluido en 2019, es un mamotreto absolutamente inconstitucional.Es persecuci\u00f3n pol\u00edtica\u00bb, dijo.<\/p>\n","protected":false},"excerpt":{"rendered":"<p>El presidente de la Asamblea Nacional, Niels Olsen, inform\u00f3 este lunes 9 de marzo a trav\u00e9s de un video colgado en sus redes sociales, que el asamble\u00edsta de la Revoluci\u00f3n Ciudadana, Juan Andr\u00e9s Gonz\u00e1lez, perdi\u00f3 su inmunidad parlamentaria y deber\u00e1 responder ante la justicia. Esta decicis\u00f3n se da luego que la legisladora Naila Quintana (ADN) [&hellip;]<\/p>\n","protected":false},"author":1,"featured_media":20035,"comment_status":"open","ping_status":"open","sticky":false,"template":"","format":"standard","meta":{"footnotes":""},"categories":[12],"tags":[],"_links":{"self":[{"href":"https:\/\/infozamoraec.com\/index.php\/wp-json\/wp\/v2\/posts\/20034"}],"collection":[{"href":"https:\/\/infozamoraec.com\/index.php\/wp-json\/wp\/v2\/posts"}],"about":[{"href":"https:\/\/infozamoraec.com\/index.php\/wp-json\/wp\/v2\/types\/post"}],"author":[{"embeddable":true,"href":"https:\/\/infozamoraec.com\/index.php\/wp-json\/wp\/v2\/users\/1"}],"replies":[{"embeddable":true,"href":"https:\/\/infozamoraec.com\/index.php\/wp-json\/wp\/v2\/comments?post=20034"}],"version-history":[{"count":1,"href":"https:\/\/infozamoraec.com\/index.php\/wp-json\/wp\/v2\/posts\/20034\/revisions"}],"predecessor-version":[{"id":20036,"href":"https:\/\/infozamoraec.com\/index.php\/wp-json\/wp\/v2\/posts\/20034\/revisions\/20036"}],"wp:featuredmedia":[{"embeddable":true,"href":"https:\/\/infozamoraec.com\/index.php\/wp-json\/wp\/v2\/media\/20035"}],"wp:attachment":[{"href":"https:\/\/infozamoraec.com\/index.php\/wp-json\/wp\/v2\/media?parent=20034"}],"wp:term":[{"taxonomy":"category","embeddable":true,"href":"https:\/\/infozamoraec.com\/index.php\/wp-json\/wp\/v2\/categories?post=20034"},{"taxonomy":"post_tag","embeddable":true,"href":"https:\/\/infozamoraec.com\/index.php\/wp-json\/wp\/v2\/tags?post=20034"}],"curies":[{"name":"wp","href":"https:\/\/api.w.org\/{rel}","templated":true}]}}