{"id":20028,"date":"2026-03-10T01:13:02","date_gmt":"2026-03-10T01:13:02","guid":{"rendered":"https:\/\/infozamoraec.com\/?p=20028"},"modified":"2026-03-10T01:13:02","modified_gmt":"2026-03-10T01:13:02","slug":"palanda-conmemoro-el-dia-internacional-de-la-mujer-con-jornada-cultural-y-de-reconocimiento","status":"publish","type":"post","link":"https:\/\/infozamoraec.com\/index.php\/2026\/03\/10\/palanda-conmemoro-el-dia-internacional-de-la-mujer-con-jornada-cultural-y-de-reconocimiento\/","title":{"rendered":"Palanda conmemor\u00f3 el D\u00eda Internacional de la Mujer con jornada cultural y de reconocimiento"},"content":{"rendered":"<p data-start=\"97\" data-end=\"407\">El cant\u00f3n <span class=\"hover:entity-accent entity-underline inline cursor-pointer align-baseline\"><span class=\"whitespace-normal\">Palanda<\/span><\/span> desarroll\u00f3 una jornada conmemorativa por el <strong data-start=\"189\" data-end=\"230\"><span class=\"hover:entity-accent entity-underline inline cursor-pointer align-baseline\"><span class=\"whitespace-normal\">D\u00eda Internacional de la Mujer<\/span><\/span><\/strong>, actividad que reuni\u00f3 a autoridades locales, instituciones p\u00fablicas y ciudadan\u00eda en un espacio dedicado a destacar el aporte y la lucha hist\u00f3rica de las mujeres en la sociedad.<\/p>\n<p data-start=\"409\" data-end=\"758\">El evento fue organizado por el <span class=\"hover:entity-accent entity-underline inline cursor-pointer align-baseline\"><span class=\"whitespace-normal\">Gobierno Aut\u00f3nomo Descentralizado del cant\u00f3n Palanda<\/span><\/span> en coordinaci\u00f3n con la <span class=\"hover:entity-accent entity-underline inline cursor-pointer align-baseline\"><span class=\"whitespace-normal\">Junta Cantonal de Protecci\u00f3n de Derechos de Palanda<\/span><\/span>, la Unidad de Atenci\u00f3n Social y el <span class=\"hover:entity-accent entity-underline inline cursor-pointer align-baseline\"><span class=\"whitespace-normal\">Ministerio de Inclusi\u00f3n Econ\u00f3mica y Social<\/span><\/span>, instituciones que promovieron esta iniciativa orientada a fortalecer el reconocimiento y la participaci\u00f3n de las mujeres en el desarrollo local.<\/p>\n<p data-start=\"760\" data-end=\"1079\">Durante la jornada se desarrollaron diversas presentaciones art\u00edsticas y culturales que dieron realce a la conmemoraci\u00f3n. Uno de los momentos m\u00e1s emotivos fue la serenata dedicada a las mujeres del cant\u00f3n, gesto simb\u00f3lico que busc\u00f3 rendir homenaje a su esfuerzo y dedicaci\u00f3n en distintos \u00e1mbitos de la vida comunitaria.<\/p>\n<p data-start=\"1081\" data-end=\"1379\">Asimismo, el p\u00fablico disfrut\u00f3 de la presentaci\u00f3n del grupo de danzas <strong data-start=\"1150\" data-end=\"1170\">Warmikuna Tushuy<\/strong>, perteneciente a la parroquia <span class=\"hover:entity-accent entity-underline inline cursor-pointer align-baseline\"><span class=\"whitespace-normal\">Valladolid<\/span><\/span>, quienes ofrecieron un espect\u00e1culo cultural que resalt\u00f3 las tradiciones y la identidad local, como parte del tributo a las mujeres en su d\u00eda.<\/p>\n<p data-start=\"1381\" data-end=\"1642\">Las autoridades destacaron que este tipo de actividades permiten generar espacios de reflexi\u00f3n sobre los derechos de las mujeres y la importancia de continuar promoviendo una sociedad basada en el respeto, la igualdad de oportunidades y la participaci\u00f3n activa.<\/p>\n","protected":false},"excerpt":{"rendered":"<p>El cant\u00f3n Palanda desarroll\u00f3 una jornada conmemorativa por el D\u00eda Internacional de la Mujer, actividad que reuni\u00f3 a autoridades locales, instituciones p\u00fablicas y ciudadan\u00eda en un espacio dedicado a destacar el aporte y la lucha hist\u00f3rica de las mujeres en la sociedad. El evento fue organizado por el Gobierno Aut\u00f3nomo Descentralizado del cant\u00f3n Palanda en [&hellip;]<\/p>\n","protected":false},"author":1,"featured_media":20029,"comment_status":"open","ping_status":"open","sticky":false,"template":"","format":"standard","meta":{"footnotes":""},"categories":[9],"tags":[],"_links":{"self":[{"href":"https:\/\/infozamoraec.com\/index.php\/wp-json\/wp\/v2\/posts\/20028"}],"collection":[{"href":"https:\/\/infozamoraec.com\/index.php\/wp-json\/wp\/v2\/posts"}],"about":[{"href":"https:\/\/infozamoraec.com\/index.php\/wp-json\/wp\/v2\/types\/post"}],"author":[{"embeddable":true,"href":"https:\/\/infozamoraec.com\/index.php\/wp-json\/wp\/v2\/users\/1"}],"replies":[{"embeddable":true,"href":"https:\/\/infozamoraec.com\/index.php\/wp-json\/wp\/v2\/comments?post=20028"}],"version-history":[{"count":1,"href":"https:\/\/infozamoraec.com\/index.php\/wp-json\/wp\/v2\/posts\/20028\/revisions"}],"predecessor-version":[{"id":20030,"href":"https:\/\/infozamoraec.com\/index.php\/wp-json\/wp\/v2\/posts\/20028\/revisions\/20030"}],"wp:featuredmedia":[{"embeddable":true,"href":"https:\/\/infozamoraec.com\/index.php\/wp-json\/wp\/v2\/media\/20029"}],"wp:attachment":[{"href":"https:\/\/infozamoraec.com\/index.php\/wp-json\/wp\/v2\/media?parent=20028"}],"wp:term":[{"taxonomy":"category","embeddable":true,"href":"https:\/\/infozamoraec.com\/index.php\/wp-json\/wp\/v2\/categories?post=20028"},{"taxonomy":"post_tag","embeddable":true,"href":"https:\/\/infozamoraec.com\/index.php\/wp-json\/wp\/v2\/tags?post=20028"}],"curies":[{"name":"wp","href":"https:\/\/api.w.org\/{rel}","templated":true}]}}