{"id":20024,"date":"2026-03-10T01:07:02","date_gmt":"2026-03-10T01:07:02","guid":{"rendered":"https:\/\/infozamoraec.com\/?p=20024"},"modified":"2026-03-10T01:07:02","modified_gmt":"2026-03-10T01:07:02","slug":"incendio-estructural-alarma-a-moradores-del-barrio-san-francisco-en-cumbaratza","status":"publish","type":"post","link":"https:\/\/infozamoraec.com\/index.php\/2026\/03\/10\/incendio-estructural-alarma-a-moradores-del-barrio-san-francisco-en-cumbaratza\/","title":{"rendered":"Incendio estructural alarma a moradores del barrio San Francisco en Cumbaratza"},"content":{"rendered":"<p data-start=\"84\" data-end=\"394\">La tranquilidad de la medianoche se vio interrumpida en el barrio San Francisco, sector de la quebrada de <span class=\"hover:entity-accent entity-underline inline cursor-pointer align-baseline\"><span class=\"whitespace-normal\">Cumbaratza<\/span><\/span>, la madrugada del domingo 8 de marzo, cuando un incendio estructural consumi\u00f3 gran parte de una vivienda, generando momentos de alarma entre los moradores del sector.<\/p>\n<p data-start=\"396\" data-end=\"779\">Seg\u00fan relataron vecinos, alrededor de las <strong data-start=\"438\" data-end=\"447\">00:50<\/strong> se escucharon tres fuertes estruendos que rompieron el silencio de la noche. Inicialmente, algunos habitantes pensaron que se trataba de un derrumbe o de alg\u00fan altercado en la zona; sin embargo, pocos minutos despu\u00e9s una densa cortina de humo y las llamas visibles confirmaron que una vivienda estaba siendo consumida por el fuego.<\/p>\n<p data-start=\"781\" data-end=\"1067\">El inmueble afectado pertenece a <strong data-start=\"814\" data-end=\"837\">Telmo Alb\u00e1n Lavanda<\/strong>, residente del sector. Ante la emergencia, los vecinos reaccionaron de inmediato y, utilizando baldes de agua y una manguera improvisada, intentaron contener el avance de las llamas mientras alertaban a los organismos de socorro.<\/p>\n<p data-start=\"1069\" data-end=\"1328\">La r\u00e1pida organizaci\u00f3n comunitaria permiti\u00f3 evitar que el fuego se propagara hacia viviendas cercanas. No obstante, la situaci\u00f3n gener\u00f3 momentos de tensi\u00f3n y preocupaci\u00f3n entre los habitantes del barrio, quienes permanecieron en alerta durante varios minutos.<\/p>\n<p data-start=\"1330\" data-end=\"1532\">La intervenci\u00f3n de personal del <span class=\"hover:entity-accent entity-underline inline cursor-pointer align-baseline\"><span class=\"whitespace-normal\">Cuerpo de Bomberos de Zamora<\/span><\/span> se registr\u00f3 aproximadamente a la <strong data-start=\"1433\" data-end=\"1458\">01:30 de la madrugada<\/strong>, cuando las unidades lograron controlar y finalmente sofocar el incendio.<\/p>\n<p data-start=\"1534\" data-end=\"1767\">Aunque el siniestro dej\u00f3 <strong data-start=\"1559\" data-end=\"1596\">p\u00e9rdidas materiales considerables<\/strong>, no se reportaron personas heridas. Tras controlar el fuego, los bomberos iniciaron las verificaciones correspondientes para determinar las posibles causas del incidente.<\/p>\n<p data-start=\"1769\" data-end=\"1991\" data-is-last-node=\"\" data-is-only-node=\"\">\n","protected":false},"excerpt":{"rendered":"<p>La tranquilidad de la medianoche se vio interrumpida en el barrio San Francisco, sector de la quebrada de Cumbaratza, la madrugada del domingo 8 de marzo, cuando un incendio estructural consumi\u00f3 gran parte de una vivienda, generando momentos de alarma entre los moradores del sector. Seg\u00fan relataron vecinos, alrededor de las 00:50 se escucharon tres [&hellip;]<\/p>\n","protected":false},"author":1,"featured_media":20025,"comment_status":"open","ping_status":"open","sticky":false,"template":"","format":"standard","meta":{"footnotes":""},"categories":[9],"tags":[],"_links":{"self":[{"href":"https:\/\/infozamoraec.com\/index.php\/wp-json\/wp\/v2\/posts\/20024"}],"collection":[{"href":"https:\/\/infozamoraec.com\/index.php\/wp-json\/wp\/v2\/posts"}],"about":[{"href":"https:\/\/infozamoraec.com\/index.php\/wp-json\/wp\/v2\/types\/post"}],"author":[{"embeddable":true,"href":"https:\/\/infozamoraec.com\/index.php\/wp-json\/wp\/v2\/users\/1"}],"replies":[{"embeddable":true,"href":"https:\/\/infozamoraec.com\/index.php\/wp-json\/wp\/v2\/comments?post=20024"}],"version-history":[{"count":2,"href":"https:\/\/infozamoraec.com\/index.php\/wp-json\/wp\/v2\/posts\/20024\/revisions"}],"predecessor-version":[{"id":20027,"href":"https:\/\/infozamoraec.com\/index.php\/wp-json\/wp\/v2\/posts\/20024\/revisions\/20027"}],"wp:featuredmedia":[{"embeddable":true,"href":"https:\/\/infozamoraec.com\/index.php\/wp-json\/wp\/v2\/media\/20025"}],"wp:attachment":[{"href":"https:\/\/infozamoraec.com\/index.php\/wp-json\/wp\/v2\/media?parent=20024"}],"wp:term":[{"taxonomy":"category","embeddable":true,"href":"https:\/\/infozamoraec.com\/index.php\/wp-json\/wp\/v2\/categories?post=20024"},{"taxonomy":"post_tag","embeddable":true,"href":"https:\/\/infozamoraec.com\/index.php\/wp-json\/wp\/v2\/tags?post=20024"}],"curies":[{"name":"wp","href":"https:\/\/api.w.org\/{rel}","templated":true}]}}