{"id":20017,"date":"2026-03-09T21:40:02","date_gmt":"2026-03-09T21:40:02","guid":{"rendered":"https:\/\/infozamoraec.com\/?p=20017"},"modified":"2026-03-09T21:40:02","modified_gmt":"2026-03-09T21:40:02","slug":"yantzaza-conmemoro-el-dia-internacional-de-la-mujer-con-un-emotivo-momento-civico","status":"publish","type":"post","link":"https:\/\/infozamoraec.com\/index.php\/2026\/03\/09\/yantzaza-conmemoro-el-dia-internacional-de-la-mujer-con-un-emotivo-momento-civico\/","title":{"rendered":"Yantzaza conmemor\u00f3 el D\u00eda Internacional de la Mujer con un emotivo momento c\u00edvico"},"content":{"rendered":"<p>En el marco de las actividades por el D\u00eda Internacional de la Mujer, el cant\u00f3n Yantzaza desarroll\u00f3 un emotivo momento c\u00edvico y recorrido simb\u00f3lico que inici\u00f3 en la Unidad Educativa Primero de Mayo y culmin\u00f3 en el parque central, reuniendo a autoridades, estudiantes, instituciones y ciudadan\u00eda en un acto de reconocimiento a la lucha, el esfuerzo y la contribuci\u00f3n de las mujeres en la sociedad.<\/p>\n<p>Durante la jornada, los participantes recorrieron las principales calles del cant\u00f3n en un ambiente de respeto y reflexi\u00f3n, destacando la importancia de continuar fortaleciendo espacios de igualdad, participaci\u00f3n y oportunidades para las mujeres.<br \/>\nAl llegar al parque central se desarroll\u00f3 el acto c\u00edvico, donde se compartieron mensajes que invitaron a valorar el papel fundamental de las mujeres en el desarrollo de las familias y de la comunidad.<\/p>\n<p>Mar\u00eda Lalangui, alcaldesa del cant\u00f3n Yantzaza destac\u00f3 que \u201ceste d\u00eda nos recuerda la fuerza, la valent\u00eda, el poder y la importancia que tenemos nosotras dentro de la sociedad.\u201d, expres\u00f3.<\/p>\n<p>De igual manera, Mar\u00eda Jos\u00e9 Morocho, estudiante resalt\u00f3 \u201cMujeres que construyen el cant\u00f3n no s\u00f3lo con ladrillos sino con sue\u00f1os. Sigamos caminando juntas, hombro a hombro, paso a paso, para que las ni\u00f1as de hoy que nos observan hereden un Yantzaza donde la igualdad sea una realidad incuestionable, un derecho conquistado, un eco que nunca m\u00e1s se apague.\u201d, manifest\u00f3.<\/p>\n<p>Estas actividades forman parte de la agenda conmemorativa impulsada en el cant\u00f3n, orientada a generar espacios de reconocimiento, reflexi\u00f3n y participaci\u00f3n ciudadana en torno al papel fundamental de las mujeres en la construcci\u00f3n de una sociedad m\u00e1s justa y equitativa<\/p>\n","protected":false},"excerpt":{"rendered":"<p>En el marco de las actividades por el D\u00eda Internacional de la Mujer, el cant\u00f3n Yantzaza desarroll\u00f3 un emotivo momento c\u00edvico y recorrido simb\u00f3lico que inici\u00f3 en la Unidad Educativa Primero de Mayo y culmin\u00f3 en el parque central, reuniendo a autoridades, estudiantes, instituciones y ciudadan\u00eda en un acto de reconocimiento a la lucha, el [&hellip;]<\/p>\n","protected":false},"author":1,"featured_media":20018,"comment_status":"open","ping_status":"open","sticky":false,"template":"","format":"standard","meta":{"footnotes":""},"categories":[9],"tags":[],"_links":{"self":[{"href":"https:\/\/infozamoraec.com\/index.php\/wp-json\/wp\/v2\/posts\/20017"}],"collection":[{"href":"https:\/\/infozamoraec.com\/index.php\/wp-json\/wp\/v2\/posts"}],"about":[{"href":"https:\/\/infozamoraec.com\/index.php\/wp-json\/wp\/v2\/types\/post"}],"author":[{"embeddable":true,"href":"https:\/\/infozamoraec.com\/index.php\/wp-json\/wp\/v2\/users\/1"}],"replies":[{"embeddable":true,"href":"https:\/\/infozamoraec.com\/index.php\/wp-json\/wp\/v2\/comments?post=20017"}],"version-history":[{"count":2,"href":"https:\/\/infozamoraec.com\/index.php\/wp-json\/wp\/v2\/posts\/20017\/revisions"}],"predecessor-version":[{"id":20020,"href":"https:\/\/infozamoraec.com\/index.php\/wp-json\/wp\/v2\/posts\/20017\/revisions\/20020"}],"wp:featuredmedia":[{"embeddable":true,"href":"https:\/\/infozamoraec.com\/index.php\/wp-json\/wp\/v2\/media\/20018"}],"wp:attachment":[{"href":"https:\/\/infozamoraec.com\/index.php\/wp-json\/wp\/v2\/media?parent=20017"}],"wp:term":[{"taxonomy":"category","embeddable":true,"href":"https:\/\/infozamoraec.com\/index.php\/wp-json\/wp\/v2\/categories?post=20017"},{"taxonomy":"post_tag","embeddable":true,"href":"https:\/\/infozamoraec.com\/index.php\/wp-json\/wp\/v2\/tags?post=20017"}],"curies":[{"name":"wp","href":"https:\/\/api.w.org\/{rel}","templated":true}]}}