{"id":20002,"date":"2026-03-07T02:07:06","date_gmt":"2026-03-07T02:07:06","guid":{"rendered":"https:\/\/infozamoraec.com\/?p=20002"},"modified":"2026-03-07T02:07:06","modified_gmt":"2026-03-07T02:07:06","slug":"cuba-retira-a-sus-medicos-de-jamaica-tras-fin-de-cooperacion","status":"publish","type":"post","link":"https:\/\/infozamoraec.com\/index.php\/2026\/03\/07\/cuba-retira-a-sus-medicos-de-jamaica-tras-fin-de-cooperacion\/","title":{"rendered":"Cuba retira a sus m\u00e9dicos de Jamaica tras fin de cooperaci\u00f3n"},"content":{"rendered":"<p>El gobierno de Cuba anunci\u00f3 el viernes (06.03.2026) el retiro de la brigada de m\u00e9dicos que prestaba servicios en Jamaica y lament\u00f3 \u00abprofundamente\u00bb que ese pa\u00eds caribe\u00f1o decidiera cesar la cooperaci\u00f3n cubana en salud \u00abcediendo a presiones de Estados Unidos\u00bb.<\/p>\n<p>\u00abAnte el paso dado por el gobierno de Jamaica\u00bb, el Ejecutivo cubano ha tomado \u00abla decisi\u00f3n soberana\u00bb de proceder al regreso de la brigada m\u00e9dica compuesta por 277 profesionales, cuyo trabajo resalta con \u00abun impacto tangible y profundo en el fortalecimiento del sistema sanitario jamaicano\u00bb, indic\u00f3 un comunicado de la Canciller\u00eda de La Habana.<\/p>\n<p>Asimismo \u00ablamenta profundamente que se menosprecie de esta manera una historia de colaboraci\u00f3n fruct\u00edfera y sostenida que ha reportado innumerables beneficios al pueblo jamaicano, al cual ahora se le priva de recibir los servicios b\u00e1sicos y especializados de salud que brindaban los colaboradores cubanos\u00bb.<\/p>\n<p>La Canciller\u00eda cubana se\u00f1al\u00f3 que el gobierno de Kingston comunic\u00f3 a la embajada cubana en ese pa\u00eds la \u00abdecisi\u00f3n unilateral\u00bb de su gobierno de \u00abrescindir el acuerdo de cooperaci\u00f3n\u00bb en el sector de salud, que ambas naciones mantuvieron durante d\u00e9cadas.<\/p>\n<p>Jamaica explic\u00f3 que su decisi\u00f3n de suspender el acuerdo se debe a que ambos gobiernos no han podido alcanzar un acuerdo sobre el futuro de la cooperaci\u00f3n t\u00e9cnica, tras expirar el pacto anterior en febrero de 2023.<\/p>\n<p>Cuba sostuvo que \u00abcon esta acci\u00f3n, el gobierno de Jamaica cede a las presiones del gobierno de Estados Unidos, al que no le preocupan las necesidades de salud de los hermanos caribe\u00f1os\u00bb.<\/p>\n<p>Seg\u00fan el comunicado, m\u00e1s de 4.700 cubanos prestaron asistencia m\u00e9dica en Jamaica en los \u00faltimos 30 a\u00f1os, cuando atendieron a m\u00e1s de 8.176,000 pacientes, realizaron 74.302 intervenciones quir\u00fargicas y 7.170 partos, y salvaron m\u00e1s de 90.000 vidas, adem\u00e1s de devolver la visi\u00f3n a casi 25.000 jamaiquinos.<\/p>\n","protected":false},"excerpt":{"rendered":"<p>El gobierno de Cuba anunci\u00f3 el viernes (06.03.2026) el retiro de la brigada de m\u00e9dicos que prestaba servicios en Jamaica y lament\u00f3 \u00abprofundamente\u00bb que ese pa\u00eds caribe\u00f1o decidiera cesar la cooperaci\u00f3n cubana en salud \u00abcediendo a presiones de Estados Unidos\u00bb. \u00abAnte el paso dado por el gobierno de Jamaica\u00bb, el Ejecutivo cubano ha tomado \u00abla [&hellip;]<\/p>\n","protected":false},"author":1,"featured_media":20003,"comment_status":"open","ping_status":"open","sticky":false,"template":"","format":"standard","meta":{"footnotes":""},"categories":[8],"tags":[],"_links":{"self":[{"href":"https:\/\/infozamoraec.com\/index.php\/wp-json\/wp\/v2\/posts\/20002"}],"collection":[{"href":"https:\/\/infozamoraec.com\/index.php\/wp-json\/wp\/v2\/posts"}],"about":[{"href":"https:\/\/infozamoraec.com\/index.php\/wp-json\/wp\/v2\/types\/post"}],"author":[{"embeddable":true,"href":"https:\/\/infozamoraec.com\/index.php\/wp-json\/wp\/v2\/users\/1"}],"replies":[{"embeddable":true,"href":"https:\/\/infozamoraec.com\/index.php\/wp-json\/wp\/v2\/comments?post=20002"}],"version-history":[{"count":1,"href":"https:\/\/infozamoraec.com\/index.php\/wp-json\/wp\/v2\/posts\/20002\/revisions"}],"predecessor-version":[{"id":20004,"href":"https:\/\/infozamoraec.com\/index.php\/wp-json\/wp\/v2\/posts\/20002\/revisions\/20004"}],"wp:featuredmedia":[{"embeddable":true,"href":"https:\/\/infozamoraec.com\/index.php\/wp-json\/wp\/v2\/media\/20003"}],"wp:attachment":[{"href":"https:\/\/infozamoraec.com\/index.php\/wp-json\/wp\/v2\/media?parent=20002"}],"wp:term":[{"taxonomy":"category","embeddable":true,"href":"https:\/\/infozamoraec.com\/index.php\/wp-json\/wp\/v2\/categories?post=20002"},{"taxonomy":"post_tag","embeddable":true,"href":"https:\/\/infozamoraec.com\/index.php\/wp-json\/wp\/v2\/tags?post=20002"}],"curies":[{"name":"wp","href":"https:\/\/api.w.org\/{rel}","templated":true}]}}