{"id":19995,"date":"2026-03-07T02:04:02","date_gmt":"2026-03-07T02:04:02","guid":{"rendered":"https:\/\/infozamoraec.com\/?p=19995"},"modified":"2026-03-07T02:04:02","modified_gmt":"2026-03-07T02:04:02","slug":"ecuador-y-brasil-cierran-alianza-para-obtener-bananos-resistentes-a-plagas-fusarium-y-moko","status":"publish","type":"post","link":"https:\/\/infozamoraec.com\/index.php\/2026\/03\/07\/ecuador-y-brasil-cierran-alianza-para-obtener-bananos-resistentes-a-plagas-fusarium-y-moko\/","title":{"rendered":"Ecuador y Brasil cierran alianza para obtener bananos resistentes a plagas Fusarium y Moko"},"content":{"rendered":"<p>La Asociaci\u00f3n de Exportadores de Banano del Ecuador (AEBE) y la Empresa Brasile\u00f1a de Investigaci\u00f3n Agropecuaria (Embrapa) cerraron este jueves en el palacio Itamaraty, en Brasilia, una alianza para desarrollar variedades de banano resistentes a las principales plagas que afectan a las plantaciones, como son el Fusarium R4T y el Moko.<\/p>\n<p>Esta alianza comenz\u00f3 a forjarse el mes pasado, en Panam\u00e1, durante el Foro Econ\u00f3mico Internacional del Banco de Am\u00e9rica Latina y el Caribe (CAF), cuando se firm\u00f3 la carta de intenci\u00f3n de financiamiento para ingresar al programa propuesto por Embrapa, que busca impulsar la investigaci\u00f3n, innovaci\u00f3n y mejoramiento gen\u00e9tico de la variedad de banano Cavendish.<\/p>\n<p>El proyecto tendr\u00eda una duraci\u00f3n de 5 a\u00f1os y se enfocar\u00e1 en desarrollar cultivares Cavendish resistentes al Foc R4T y al Moko.<\/p>\n<p>La firma del acuerdo se celebr\u00f3 en la sede del Ministerio de Relaciones Exteriores de Brasil, con la presencia de la presidenta de Embrapa, Silvia Massruh\u00e1; el ministro de Agricultura de Ecuador, Juan Carlos Vega; el director ejecutivo de AEBE, Jos\u00e9 Antonio Hidalgo, y el presidente del gremio, Jorge Encalada.<\/p>\n<p>La asociaci\u00f3n l\u00edder de la industria bananera de Ecuador, el mayor exportador del mundo de este fruto, se\u00f1al\u00f3 que esta alianza representa una respuesta directa y urgente a la amenaza fitosanitaria que representa el Fusarium, que ya estaba presente desde hac\u00eda varios a\u00f1os en diversos pa\u00edses de Latinoam\u00e9rica pero que por primera vez se detect\u00f3 en Ecuador en diciembre pasado.<\/p>\n<p>Aunque el pa\u00eds andino, a trav\u00e9s de estrictas medidas de bioseguridad implementadas por el sector privado y p\u00fablico e iniciativas como el SafeBanana, desarrolladas por AEBE y la Prefectura del Guayas y Los R\u00edos, m\u00e1s los esfuerzos de nuestras autoridades agr\u00edcolas y fitosanitarias, logr\u00f3 retrasar el ingreso del hongo desde sus primeras detecciones regionales en 2019, la presencia actual del pat\u00f3geno exige soluciones a largo plazo.<\/p>\n<p>\u00abPor ello, el desarrollo de nuevas variedades gen\u00e9ticamente resistentes se perfila como una de las \u00fanicas alternativas viables para la industria\u00bb, explic\u00f3 Encalada, al destacar la importancia de la alianza con Embrapa.<\/p>\n<p>Para la econom\u00eda ecuatoriana el impacto potencial del Fusarium ser\u00eda devastador, advierte AEBE, pues de la industria bananera dependen alrededor de 250.000 empleos directos. Adem\u00e1s, es uno de los principales pilares de la exportaci\u00f3n no petrolera.<\/p>\n<p>Tras la detecci\u00f3n del Fusarium en territorio ecuatoriano, el enfoque nacional se ha centrado en la exclusi\u00f3n y el confinamiento del brote mediante cordones fitosanitarios y brigadas especializadas.<\/p>\n<p>\u00abActualmente, la estrategia combina el cumplimiento obligatorio de medidas de bioseguridad en fincas con una fuerte apuesta por la ciencia y la innovaci\u00f3n\u00bb, a\u00f1adi\u00f3 Hidalgo.<\/p>\n<p>En el marco de la suscripci\u00f3n de este acuerdo, la delegaci\u00f3n de AEBE se reuni\u00f3 con el director ejecutivo de Investigaci\u00f3n y Desarrollo de Embrapa, Clenio Pillon, as\u00ed como con investigadores de Embrapa Mandioca y Fruticultura, responsables del programa de mejoramiento gen\u00e9tico del banano.<\/p>\n<p>Adem\u00e1s, realiz\u00f3 una visita al Centro Nacional de Recursos Gen\u00e9ticos y Biotecnolog\u00eda (Cenargen) de Brasil, donde conoci\u00f3 las capacidades cient\u00edficas del centro en gen\u00e9tica vegetal y conservaci\u00f3n de recursos fitogen\u00e9ticos.<\/p>\n","protected":false},"excerpt":{"rendered":"<p>La Asociaci\u00f3n de Exportadores de Banano del Ecuador (AEBE) y la Empresa Brasile\u00f1a de Investigaci\u00f3n Agropecuaria (Embrapa) cerraron este jueves en el palacio Itamaraty, en Brasilia, una alianza para desarrollar variedades de banano resistentes a las principales plagas que afectan a las plantaciones, como son el Fusarium R4T y el Moko. Esta alianza comenz\u00f3 a [&hellip;]<\/p>\n","protected":false},"author":1,"featured_media":19996,"comment_status":"open","ping_status":"open","sticky":false,"template":"","format":"standard","meta":{"footnotes":""},"categories":[12],"tags":[],"_links":{"self":[{"href":"https:\/\/infozamoraec.com\/index.php\/wp-json\/wp\/v2\/posts\/19995"}],"collection":[{"href":"https:\/\/infozamoraec.com\/index.php\/wp-json\/wp\/v2\/posts"}],"about":[{"href":"https:\/\/infozamoraec.com\/index.php\/wp-json\/wp\/v2\/types\/post"}],"author":[{"embeddable":true,"href":"https:\/\/infozamoraec.com\/index.php\/wp-json\/wp\/v2\/users\/1"}],"replies":[{"embeddable":true,"href":"https:\/\/infozamoraec.com\/index.php\/wp-json\/wp\/v2\/comments?post=19995"}],"version-history":[{"count":1,"href":"https:\/\/infozamoraec.com\/index.php\/wp-json\/wp\/v2\/posts\/19995\/revisions"}],"predecessor-version":[{"id":19997,"href":"https:\/\/infozamoraec.com\/index.php\/wp-json\/wp\/v2\/posts\/19995\/revisions\/19997"}],"wp:featuredmedia":[{"embeddable":true,"href":"https:\/\/infozamoraec.com\/index.php\/wp-json\/wp\/v2\/media\/19996"}],"wp:attachment":[{"href":"https:\/\/infozamoraec.com\/index.php\/wp-json\/wp\/v2\/media?parent=19995"}],"wp:term":[{"taxonomy":"category","embeddable":true,"href":"https:\/\/infozamoraec.com\/index.php\/wp-json\/wp\/v2\/categories?post=19995"},{"taxonomy":"post_tag","embeddable":true,"href":"https:\/\/infozamoraec.com\/index.php\/wp-json\/wp\/v2\/tags?post=19995"}],"curies":[{"name":"wp","href":"https:\/\/api.w.org\/{rel}","templated":true}]}}