{"id":19992,"date":"2026-03-07T01:45:10","date_gmt":"2026-03-07T01:45:10","guid":{"rendered":"https:\/\/infozamoraec.com\/?p=19992"},"modified":"2026-03-07T01:45:10","modified_gmt":"2026-03-07T01:45:10","slug":"ecuador-y-ee-uu-bombardean-base-de-comandos-de-la-frontera-en-sucumbios","status":"publish","type":"post","link":"https:\/\/infozamoraec.com\/index.php\/2026\/03\/07\/ecuador-y-ee-uu-bombardean-base-de-comandos-de-la-frontera-en-sucumbios\/","title":{"rendered":"Ecuador y EE.UU. bombardean base de Comandos de la Frontera en Sucumb\u00edos"},"content":{"rendered":"<p>El presidente de la Rep\u00fablica, Daniel Noboa, revel\u00f3 este viernes que una base de la organizaci\u00f3n delictiva \u00abComando de las Fronteras\u00bb fue destruida el pasado 3 de marzo, en un operativo conjunto con fuerzas de seguridad de Estados Unidos. Esta informaci\u00f3n la corrobor\u00f3 la cuenta oficial del Comando Sur de Estados Unidos y la Embajada de ese pa\u00eds en Ecuador.<\/p>\n<p>\u00abLos encontraremos. Donde sea que se escondan, ah\u00ed estaremos. Nuestras fronteras no ser\u00e1n las bases del narcotr\u00e1fico\u00ab, declar\u00f3 Noboa en un video difundido en Instagram, en el que se aprecia como el campamento ilegal, situado en medio de una zona selv\u00e1tica, al costado de un r\u00edo, es destruido con explosivos.<\/p>\n<p>De su lado, el Asistente del Secretario de Guerra de Estados Unidos, Sean Parnell escribi\u00f3:<\/p>\n<p>\u00abEl Departamento (de Guerra) est\u00e1 uniendo a sus socios en todo el hemisferio occidental para detectar, desmantelar y destruir organizaciones terroristas designadas que fomentan la violencia y la corrupci\u00f3n. Felicitamos al presidente Noboa, al gobierno de Ecuador y a las valientes tropas de las fuerzas de defensa y seguridad de Ecuador por su colaboraci\u00f3n en la exitosa operaci\u00f3n contra un complejo de suministro de narcoterroristas, que interrumpi\u00f3 sus operaciones y log\u00edstica\u00ab, expres\u00f3 en su cuenta de X.<\/p>\n<p>Tambi\u00e9n, el funcionario a\u00f1adi\u00f3 que \u00abA solicitud de Ecuador, el Departamento de Guerra ejecut\u00f3 acciones espec\u00edficas para avanzar en nuestro objetivo com\u00fan de desmantelar las redes narcoterroristas. Esta operaci\u00f3n demuestra el poder de la acci\u00f3n coordinada y env\u00eda un mensaje claro: las redes narcoterroristas no encontrar\u00e1n refugio en nuestro hemisferio. Estados Unidos se mantiene firme en su apoyo a las naciones que luchan contra el narcoterrorismo. Juntos, desmantelaremos las redes de tr\u00e1fico y corrupci\u00f3n, exigiremos responsabilidades a estas organizaciones y restauraremos la paz mediante la fuerza\u00bb, indic\u00f3 Parnell.<\/p>\n<p>De su lado, la cuenta de X, del Comando Sur expres\u00f3: \u00abAvanzamos junto a nuestros aliados en la lucha contra el narcoterrorismo. Felicito a nuestras fuerzas conjuntas y a las Fuerzas Armadas ecuatorianas por la exitosa operaci\u00f3n contra los narcoterroristas en Ecuador\u00bb.<\/p>\n<p>Ecuador y Estados Unidos han lanzado un plan in\u00e9dito para combatir en territorio ecuatoriano a las bandas narcoterroristas. (I)<\/p>\n","protected":false},"excerpt":{"rendered":"<p>El presidente de la Rep\u00fablica, Daniel Noboa, revel\u00f3 este viernes que una base de la organizaci\u00f3n delictiva \u00abComando de las Fronteras\u00bb fue destruida el pasado 3 de marzo, en un operativo conjunto con fuerzas de seguridad de Estados Unidos. Esta informaci\u00f3n la corrobor\u00f3 la cuenta oficial del Comando Sur de Estados Unidos y la Embajada [&hellip;]<\/p>\n","protected":false},"author":1,"featured_media":19993,"comment_status":"open","ping_status":"open","sticky":false,"template":"","format":"standard","meta":{"footnotes":""},"categories":[12],"tags":[],"_links":{"self":[{"href":"https:\/\/infozamoraec.com\/index.php\/wp-json\/wp\/v2\/posts\/19992"}],"collection":[{"href":"https:\/\/infozamoraec.com\/index.php\/wp-json\/wp\/v2\/posts"}],"about":[{"href":"https:\/\/infozamoraec.com\/index.php\/wp-json\/wp\/v2\/types\/post"}],"author":[{"embeddable":true,"href":"https:\/\/infozamoraec.com\/index.php\/wp-json\/wp\/v2\/users\/1"}],"replies":[{"embeddable":true,"href":"https:\/\/infozamoraec.com\/index.php\/wp-json\/wp\/v2\/comments?post=19992"}],"version-history":[{"count":1,"href":"https:\/\/infozamoraec.com\/index.php\/wp-json\/wp\/v2\/posts\/19992\/revisions"}],"predecessor-version":[{"id":19994,"href":"https:\/\/infozamoraec.com\/index.php\/wp-json\/wp\/v2\/posts\/19992\/revisions\/19994"}],"wp:featuredmedia":[{"embeddable":true,"href":"https:\/\/infozamoraec.com\/index.php\/wp-json\/wp\/v2\/media\/19993"}],"wp:attachment":[{"href":"https:\/\/infozamoraec.com\/index.php\/wp-json\/wp\/v2\/media?parent=19992"}],"wp:term":[{"taxonomy":"category","embeddable":true,"href":"https:\/\/infozamoraec.com\/index.php\/wp-json\/wp\/v2\/categories?post=19992"},{"taxonomy":"post_tag","embeddable":true,"href":"https:\/\/infozamoraec.com\/index.php\/wp-json\/wp\/v2\/tags?post=19992"}],"curies":[{"name":"wp","href":"https:\/\/api.w.org\/{rel}","templated":true}]}}