{"id":19982,"date":"2026-03-07T01:33:12","date_gmt":"2026-03-07T01:33:12","guid":{"rendered":"https:\/\/infozamoraec.com\/?p=19982"},"modified":"2026-03-07T01:33:12","modified_gmt":"2026-03-07T01:33:12","slug":"policia-nacional-conmemoro-88-anos-de-profesionalizacion-y-180-de-institucionalizacion-en-zamora-chinchipe","status":"publish","type":"post","link":"https:\/\/infozamoraec.com\/index.php\/2026\/03\/07\/policia-nacional-conmemoro-88-anos-de-profesionalizacion-y-180-de-institucionalizacion-en-zamora-chinchipe\/","title":{"rendered":"Polic\u00eda Nacional conmemor\u00f3 88 a\u00f1os de profesionalizaci\u00f3n y 180 de institucionalizaci\u00f3n en Zamora Chinchipe"},"content":{"rendered":"<p>La Polic\u00eda Nacional del Ecuador, a trav\u00e9s de la Subzona Zamora Chinchipe N.\u00b0 19, este viernes 06 de marzo, desarroll\u00f3 una serie de actos conmemorativos por el <strong>Octog\u00e9simo Octavo Aniversario de Profesionalizaci\u00f3n<\/strong> y los <strong>180 a\u00f1os de Institucionalizaci\u00f3n<\/strong> de la entidad, eventos que reunieron a autoridades, representantes de instituciones p\u00fablicas y privadas, medios de comunicaci\u00f3n y ciudadan\u00eda en la provincia de Zamora Chinchipe.<\/p>\n<p>La jornada inici\u00f3 con la tradicional <strong>TeDeum (misa de acci\u00f3n de gracias)<\/strong>, una ceremonia religiosa que simboliza gratitud y reflexi\u00f3n por la labor institucional. El acto se desarroll\u00f3 en un ambiente de respeto y solemnidad, destacando la importancia del trabajo policial en la protecci\u00f3n de la ciudadan\u00eda y el mantenimiento del orden p\u00fablico.<\/p>\n<p>Durante la ceremonia, autoridades y asistentes resaltaron que esta celebraci\u00f3n representa un momento para reconocer el compromiso de los servidores policiales, quienes desempe\u00f1an su labor con vocaci\u00f3n de servicio y responsabilidad en beneficio de la sociedad.<\/p>\n<p>Posteriormente, la Subzona Zamora Chinchipe llev\u00f3 a cabo una <strong>Sesi\u00f3n Solemne Conmemorativa<\/strong>, espacio en el que se record\u00f3 la trayectoria hist\u00f3rica de la instituci\u00f3n y se destacaron los avances logrados en materia de seguridad ciudadana en la provincia.<\/p>\n<p>En el marco de esta ceremonia se entregaron reconocimientos a servidores policiales que se han destacado por su trabajo en la provincia, as\u00ed como a autoridades y representantes de la empresa privada que han brindado apoyo a iniciativas orientadas a fortalecer la seguridad y el bienestar de la comunidad.<\/p>\n<p>Durante su intervenci\u00f3n, el comandante subrogante de la Subzona N.\u00b0 19, <strong>Roberto Galv\u00e1n<\/strong>, ratific\u00f3 el compromiso de la instituci\u00f3n de continuar trabajando de manera coordinada con las autoridades locales, la ciudadan\u00eda y el sector privado para fortalecer la seguridad en la provincia.<\/p>\n<p>El oficial se\u00f1al\u00f3 que el trabajo articulado es fundamental para enfrentar los desaf\u00edos en materia de seguridad y garantizar el bienestar de los habitantes de Zamora Chinchipe.<\/p>\n<p>&nbsp;<\/p>\n","protected":false},"excerpt":{"rendered":"<p>La Polic\u00eda Nacional del Ecuador, a trav\u00e9s de la Subzona Zamora Chinchipe N.\u00b0 19, este viernes 06 de marzo, desarroll\u00f3 una serie de actos conmemorativos por el Octog\u00e9simo Octavo Aniversario de Profesionalizaci\u00f3n y los 180 a\u00f1os de Institucionalizaci\u00f3n de la entidad, eventos que reunieron a autoridades, representantes de instituciones p\u00fablicas y privadas, medios de comunicaci\u00f3n [&hellip;]<\/p>\n","protected":false},"author":1,"featured_media":19983,"comment_status":"open","ping_status":"open","sticky":false,"template":"","format":"standard","meta":{"footnotes":""},"categories":[9],"tags":[],"_links":{"self":[{"href":"https:\/\/infozamoraec.com\/index.php\/wp-json\/wp\/v2\/posts\/19982"}],"collection":[{"href":"https:\/\/infozamoraec.com\/index.php\/wp-json\/wp\/v2\/posts"}],"about":[{"href":"https:\/\/infozamoraec.com\/index.php\/wp-json\/wp\/v2\/types\/post"}],"author":[{"embeddable":true,"href":"https:\/\/infozamoraec.com\/index.php\/wp-json\/wp\/v2\/users\/1"}],"replies":[{"embeddable":true,"href":"https:\/\/infozamoraec.com\/index.php\/wp-json\/wp\/v2\/comments?post=19982"}],"version-history":[{"count":1,"href":"https:\/\/infozamoraec.com\/index.php\/wp-json\/wp\/v2\/posts\/19982\/revisions"}],"predecessor-version":[{"id":19984,"href":"https:\/\/infozamoraec.com\/index.php\/wp-json\/wp\/v2\/posts\/19982\/revisions\/19984"}],"wp:featuredmedia":[{"embeddable":true,"href":"https:\/\/infozamoraec.com\/index.php\/wp-json\/wp\/v2\/media\/19983"}],"wp:attachment":[{"href":"https:\/\/infozamoraec.com\/index.php\/wp-json\/wp\/v2\/media?parent=19982"}],"wp:term":[{"taxonomy":"category","embeddable":true,"href":"https:\/\/infozamoraec.com\/index.php\/wp-json\/wp\/v2\/categories?post=19982"},{"taxonomy":"post_tag","embeddable":true,"href":"https:\/\/infozamoraec.com\/index.php\/wp-json\/wp\/v2\/tags?post=19982"}],"curies":[{"name":"wp","href":"https:\/\/api.w.org\/{rel}","templated":true}]}}