{"id":19978,"date":"2026-03-07T01:27:57","date_gmt":"2026-03-07T01:27:57","guid":{"rendered":"https:\/\/infozamoraec.com\/?p=19978"},"modified":"2026-03-07T01:27:57","modified_gmt":"2026-03-07T01:27:57","slug":"yantzaza-conmemora-el-mes-de-la-mujer-con-agenda-de-actividades-civicas-deportivas-y-formativas","status":"publish","type":"post","link":"https:\/\/infozamoraec.com\/index.php\/2026\/03\/07\/yantzaza-conmemora-el-mes-de-la-mujer-con-agenda-de-actividades-civicas-deportivas-y-formativas\/","title":{"rendered":"Yantzaza conmemora el Mes de la Mujer con agenda de actividades c\u00edvicas, deportivas y formativas"},"content":{"rendered":"<p>La Alcald\u00eda de Yantzaza desarrolla una agenda de actividades en conmemoraci\u00f3n del Mes de la Mujer y del 8 de marzo, D\u00eda Internacional de la Mujer, con el objetivo de reconocer el aporte, liderazgo y lucha de las mujeres en el desarrollo del cant\u00f3n.<\/p>\n<p>Como parte de la programaci\u00f3n se realizar\u00e1n ciclo rutas conmemorativas \u201cPor ti Mujer\u201d en las parroquias Los Encuentros y Chica\u00f1a, espacios que promueven la participaci\u00f3n femenina, el deporte y la integraci\u00f3n comunitaria.<\/p>\n<p>La jornada central tendr\u00e1 lugar el 9 de marzo, iniciando con un momento c\u00edvico en la Unidad Educativa Primero de Mayo, seguido del Programa Conmemorativo y Feria de Servicios Institucionales en el Parque Central de Yantzaza, donde diversas entidades brindar\u00e1n atenci\u00f3n e informaci\u00f3n a la ciudadan\u00eda.<\/p>\n<p>En horas de la tarde se desarrollar\u00e1 la clausura del Taller de Oratoria Moderna y Profesional para Mujeres, una iniciativa orientada a fortalecer las capacidades de liderazgo, comunicaci\u00f3n y empoderamiento femenino.<\/p>\n<p>La agenda concluir\u00e1 con el programa \u201cGaler\u00eda de Mujeres que iluminan la historia de Yantzaza\u201d, evento en el que adem\u00e1s se presentar\u00e1 la ordenanza que propone declarar el D\u00eda de Reflexi\u00f3n y Acci\u00f3n por los Derechos de las Mujeres, reafirmando el compromiso institucional con la promoci\u00f3n de la igualdad y el respeto a sus derechos.<\/p>\n<p>Con estas actividades, Yantzaza se suma a la conmemoraci\u00f3n internacional del 8M, generando espacios de participaci\u00f3n, reconocimiento y reflexi\u00f3n sobre el papel fundamental de las mujeres en la sociedad.<\/p>\n","protected":false},"excerpt":{"rendered":"<p>La Alcald\u00eda de Yantzaza desarrolla una agenda de actividades en conmemoraci\u00f3n del Mes de la Mujer y del 8 de marzo, D\u00eda Internacional de la Mujer, con el objetivo de reconocer el aporte, liderazgo y lucha de las mujeres en el desarrollo del cant\u00f3n. Como parte de la programaci\u00f3n se realizar\u00e1n ciclo rutas conmemorativas \u201cPor [&hellip;]<\/p>\n","protected":false},"author":1,"featured_media":19979,"comment_status":"open","ping_status":"open","sticky":false,"template":"","format":"standard","meta":{"footnotes":""},"categories":[9],"tags":[],"_links":{"self":[{"href":"https:\/\/infozamoraec.com\/index.php\/wp-json\/wp\/v2\/posts\/19978"}],"collection":[{"href":"https:\/\/infozamoraec.com\/index.php\/wp-json\/wp\/v2\/posts"}],"about":[{"href":"https:\/\/infozamoraec.com\/index.php\/wp-json\/wp\/v2\/types\/post"}],"author":[{"embeddable":true,"href":"https:\/\/infozamoraec.com\/index.php\/wp-json\/wp\/v2\/users\/1"}],"replies":[{"embeddable":true,"href":"https:\/\/infozamoraec.com\/index.php\/wp-json\/wp\/v2\/comments?post=19978"}],"version-history":[{"count":2,"href":"https:\/\/infozamoraec.com\/index.php\/wp-json\/wp\/v2\/posts\/19978\/revisions"}],"predecessor-version":[{"id":19981,"href":"https:\/\/infozamoraec.com\/index.php\/wp-json\/wp\/v2\/posts\/19978\/revisions\/19981"}],"wp:featuredmedia":[{"embeddable":true,"href":"https:\/\/infozamoraec.com\/index.php\/wp-json\/wp\/v2\/media\/19979"}],"wp:attachment":[{"href":"https:\/\/infozamoraec.com\/index.php\/wp-json\/wp\/v2\/media?parent=19978"}],"wp:term":[{"taxonomy":"category","embeddable":true,"href":"https:\/\/infozamoraec.com\/index.php\/wp-json\/wp\/v2\/categories?post=19978"},{"taxonomy":"post_tag","embeddable":true,"href":"https:\/\/infozamoraec.com\/index.php\/wp-json\/wp\/v2\/tags?post=19978"}],"curies":[{"name":"wp","href":"https:\/\/api.w.org\/{rel}","templated":true}]}}