{"id":19967,"date":"2026-03-06T01:58:58","date_gmt":"2026-03-06T01:58:58","guid":{"rendered":"https:\/\/infozamoraec.com\/?p=19967"},"modified":"2026-03-06T02:02:00","modified_gmt":"2026-03-06T02:02:00","slug":"eeuu-y-latinoamerica-acuerdan-combatir-a-narcoterroristas","status":"publish","type":"post","link":"https:\/\/infozamoraec.com\/index.php\/2026\/03\/06\/eeuu-y-latinoamerica-acuerdan-combatir-a-narcoterroristas\/","title":{"rendered":"EEUU y Latinoam\u00e9rica acuerdan combatir a \u00abnarcoterroristas\u00bb"},"content":{"rendered":"<p>Estados Unidos y casi 20 pa\u00edses latinoamericanos y caribe\u00f1os firmaron este jueves (05.03.2026) un acuerdo para combatir a los grupos \u00abnarcoterroristas\u00bb en la conferencia inaugural de las &#8216;Am\u00e9ricas contra los carteles&#8217; en Miami, donde destac\u00f3 la ausencia de representantes de M\u00e9xico, Colombia y Brasil.<\/p>\n<p>El secretario de Guerra estadounidense, Pete Hegseth, ley\u00f3 la declaraci\u00f3n conjunta que \u00abreafirma las relaciones\u00bb entre Washington y sus vecinos, \u00abrespetando la soberan\u00eda\u00bb y \u00abreconociendo la importancia estrat\u00e9gica del hemisferio\u00bb, donde buscan \u00abpromover la paz a trav\u00e9s de la fuerza\u00bb.<\/p>\n<p>\u00abY declara nuestra intenci\u00f3n de ampliar la cooperaci\u00f3n multilateral y bilateral para mejorar la seguridad en el hemisferio, cooperar en esfuerzos gubernamentales de seguridad fronteriza, combatir el &#8216;narcoterrorismo&#8217; y narcotr\u00e1fico, asegurando infraestructura cr\u00edtica y otras \u00e1reas por determinarse\u00bb, agreg\u00f3.<\/p>\n<p>El acuerdo compromete a las naciones \u00aba abordar futuras amenazas al inter\u00e9s mutuo y unirse para combatir juntos el &#8216;narcoterrorismo&#8217; y otras amenazas compartidas\u00bb, seg\u00fan el secretario.<\/p>\n<p>Hegseth lider\u00f3 la conferencia en la sede del Comando Sur de Estados Unidos (Southcom) en Doral, en el sur de Florida, donde congreg\u00f3 a representantes de casi 20 pa\u00edses de Latinoam\u00e9rica y el Caribe, como Argentina, Bolivia, Chile, Costa Rica, Ecuador, El Salvador, Guatemala, Panam\u00e1, Paraguay, Per\u00fa, Honduras y Rep\u00fablica Dominicana.<\/p>\n<p>La conferencia, que reuni\u00f3 a gobiernos \u00abcon ideas afines\u00bb y excluy\u00f3 a naciones como M\u00e9xico, Colombia, Brasil y Nicaragua, tiene lugar como pre\u00e1mbulo de la cumbre &#8216;Escudo de las Am\u00e9ricas&#8217; que el presidente estadounidense, Donald Trump, albergar\u00e1 el s\u00e1bado en Miami con mandatarios de la derecha latinoamericana.<\/p>\n<p>El jefe del Pent\u00e1gono avis\u00f3 que Washington est\u00e1 listo para lanzar en solitario una \u00abofensiva\u00bb militar contra los carteles, por lo que urgi\u00f3 a los latinoamericanos a combatir a los \u00abnarcoterroristas\u00bb.<\/p>\n<p>Mientras que Stephen Miller, asesor de seguridad nacional de Trump, pidi\u00f3 luchar contra los narcotraficantes como si fuesen grupos terroristas como el Estado Isl\u00e1mico o Al-Qaeda, adem\u00e1s de sostener que la inmigraci\u00f3n ilegal es una \u00abforma de terrorismo\u00bb.<\/p>\n<p>La reuni\u00f3n se produce d\u00edas despu\u00e9s de la primera operaci\u00f3n militar conjunta de Estados Unidos y Ecuador contra organizaciones \u00abnarcoterroristas\u00bb en el pa\u00eds suramericano, tras una visita de Francis Donovan, comandante del Southcom.<\/p>\n<p>Adem\u00e1s, la Administraci\u00f3n de Trump ha bombardeado 44 embarcaciones presuntamente ligadas al narcotr\u00e1fico en el Pac\u00edfico y el Caribe desde el pasado septiembre, lo que ha provocado al menos 150 muertes, bajo la operaci\u00f3n &#8216;Lanza del Sur&#8217;.<\/p>\n<p>ct (efe, afp)<\/p>\n<p>&nbsp;<\/p>\n","protected":false},"excerpt":{"rendered":"<p>Estados Unidos y casi 20 pa\u00edses latinoamericanos y caribe\u00f1os firmaron este jueves (05.03.2026) un acuerdo para combatir a los grupos \u00abnarcoterroristas\u00bb en la conferencia inaugural de las &#8216;Am\u00e9ricas contra los carteles&#8217; en Miami, donde destac\u00f3 la ausencia de representantes de M\u00e9xico, Colombia y Brasil. El secretario de Guerra estadounidense, Pete Hegseth, ley\u00f3 la declaraci\u00f3n conjunta [&hellip;]<\/p>\n","protected":false},"author":1,"featured_media":19968,"comment_status":"open","ping_status":"open","sticky":false,"template":"","format":"standard","meta":{"footnotes":""},"categories":[8],"tags":[],"_links":{"self":[{"href":"https:\/\/infozamoraec.com\/index.php\/wp-json\/wp\/v2\/posts\/19967"}],"collection":[{"href":"https:\/\/infozamoraec.com\/index.php\/wp-json\/wp\/v2\/posts"}],"about":[{"href":"https:\/\/infozamoraec.com\/index.php\/wp-json\/wp\/v2\/types\/post"}],"author":[{"embeddable":true,"href":"https:\/\/infozamoraec.com\/index.php\/wp-json\/wp\/v2\/users\/1"}],"replies":[{"embeddable":true,"href":"https:\/\/infozamoraec.com\/index.php\/wp-json\/wp\/v2\/comments?post=19967"}],"version-history":[{"count":1,"href":"https:\/\/infozamoraec.com\/index.php\/wp-json\/wp\/v2\/posts\/19967\/revisions"}],"predecessor-version":[{"id":19969,"href":"https:\/\/infozamoraec.com\/index.php\/wp-json\/wp\/v2\/posts\/19967\/revisions\/19969"}],"wp:featuredmedia":[{"embeddable":true,"href":"https:\/\/infozamoraec.com\/index.php\/wp-json\/wp\/v2\/media\/19968"}],"wp:attachment":[{"href":"https:\/\/infozamoraec.com\/index.php\/wp-json\/wp\/v2\/media?parent=19967"}],"wp:term":[{"taxonomy":"category","embeddable":true,"href":"https:\/\/infozamoraec.com\/index.php\/wp-json\/wp\/v2\/categories?post=19967"},{"taxonomy":"post_tag","embeddable":true,"href":"https:\/\/infozamoraec.com\/index.php\/wp-json\/wp\/v2\/tags?post=19967"}],"curies":[{"name":"wp","href":"https:\/\/api.w.org\/{rel}","templated":true}]}}