{"id":19955,"date":"2026-03-06T01:51:31","date_gmt":"2026-03-06T01:51:31","guid":{"rendered":"https:\/\/infozamoraec.com\/?p=19955"},"modified":"2026-03-06T01:51:31","modified_gmt":"2026-03-06T01:51:31","slug":"setencian-a-9-anos-y-4-meses-de-prision-a-alias-patucho-celso-y-alias-fede","status":"publish","type":"post","link":"https:\/\/infozamoraec.com\/index.php\/2026\/03\/06\/setencian-a-9-anos-y-4-meses-de-prision-a-alias-patucho-celso-y-alias-fede\/","title":{"rendered":"Setencian a 9 a\u00f1os y 4 meses de prisi\u00f3n a alias \u2018Patucho Celso\u2019 y alias \u2018Fede\u2019"},"content":{"rendered":"<p>Un tribunal penal acogi\u00f3 las pruebas presentadas por la Fiscal\u00eda y dict\u00f3 una sentencia de 9 a\u00f1os y 4 meses de prisi\u00f3n para Celso Moreira Heredia, alias Patucho Celso y Rolando Federico G\u00f3mez Quinde, alias Fede.<\/p>\n<p>La sentencia se emiti\u00f3 por un proceso abierto por tr\u00e1fico de armas.<\/p>\n<p>Junto con alias Patucho Celso y alias Fede han sido condenadas nueve personas m\u00e1s, seg\u00fan la Fiscal\u00eda.<\/p>\n<p>Rolando Federico G\u00f3mez Quinde, alias Fede, fue localizado en octubre pasado en Colombia luego de tres meses de haberse fugado de la Penitenciar\u00eda del Litoral.<\/p>\n<p>Alias Fede es considerado un cabecilla de Los \u00c1guilas, una banda que opera en ciudades como Dur\u00e1n y Guayaquil, y que est\u00e1 relacionada con el narcotr\u00e1fico, la extorsi\u00f3n y el sicariato.<\/p>\n<p>Este sujeto escap\u00f3 de la c\u00e1rcel apenas unos d\u00edas antes de que se realizara la audiencia preparatoria de juicio por tr\u00e1fico de droga, delito por el que estaba detenido.<\/p>\n<p>A su llegada de Colombia fue llevado a La Roca. Una vez que estuvo lista la C\u00e1rcel del Encuentro fue enviado a ese penal.<\/p>\n<p>Mientras, Celso Moreira Heredia, alias Patucho Celso, fue recapturado en septiembre del 2025.<\/p>\n<p>Alias Patucho Celso apareci\u00f3 en el escenario p\u00fablico cuando fue capturado en una redada durante una fiesta en la v\u00eda a la costa, se\u00f1alada por las autoridades como una narcofiesta.<\/p>\n<p>Este individuo obtuvo medidas sustitutivas y recuper\u00f3 su libertad tras ese episodio ocurrido en 2024.<\/p>\n<p>&nbsp;<\/p>\n","protected":false},"excerpt":{"rendered":"<p>Un tribunal penal acogi\u00f3 las pruebas presentadas por la Fiscal\u00eda y dict\u00f3 una sentencia de 9 a\u00f1os y 4 meses de prisi\u00f3n para Celso Moreira Heredia, alias Patucho Celso y Rolando Federico G\u00f3mez Quinde, alias Fede. La sentencia se emiti\u00f3 por un proceso abierto por tr\u00e1fico de armas. Junto con alias Patucho Celso y alias [&hellip;]<\/p>\n","protected":false},"author":1,"featured_media":19956,"comment_status":"open","ping_status":"open","sticky":false,"template":"","format":"standard","meta":{"footnotes":""},"categories":[12],"tags":[],"_links":{"self":[{"href":"https:\/\/infozamoraec.com\/index.php\/wp-json\/wp\/v2\/posts\/19955"}],"collection":[{"href":"https:\/\/infozamoraec.com\/index.php\/wp-json\/wp\/v2\/posts"}],"about":[{"href":"https:\/\/infozamoraec.com\/index.php\/wp-json\/wp\/v2\/types\/post"}],"author":[{"embeddable":true,"href":"https:\/\/infozamoraec.com\/index.php\/wp-json\/wp\/v2\/users\/1"}],"replies":[{"embeddable":true,"href":"https:\/\/infozamoraec.com\/index.php\/wp-json\/wp\/v2\/comments?post=19955"}],"version-history":[{"count":1,"href":"https:\/\/infozamoraec.com\/index.php\/wp-json\/wp\/v2\/posts\/19955\/revisions"}],"predecessor-version":[{"id":19957,"href":"https:\/\/infozamoraec.com\/index.php\/wp-json\/wp\/v2\/posts\/19955\/revisions\/19957"}],"wp:featuredmedia":[{"embeddable":true,"href":"https:\/\/infozamoraec.com\/index.php\/wp-json\/wp\/v2\/media\/19956"}],"wp:attachment":[{"href":"https:\/\/infozamoraec.com\/index.php\/wp-json\/wp\/v2\/media?parent=19955"}],"wp:term":[{"taxonomy":"category","embeddable":true,"href":"https:\/\/infozamoraec.com\/index.php\/wp-json\/wp\/v2\/categories?post=19955"},{"taxonomy":"post_tag","embeddable":true,"href":"https:\/\/infozamoraec.com\/index.php\/wp-json\/wp\/v2\/tags?post=19955"}],"curies":[{"name":"wp","href":"https:\/\/api.w.org\/{rel}","templated":true}]}}