{"id":19952,"date":"2026-03-06T01:50:20","date_gmt":"2026-03-06T01:50:20","guid":{"rendered":"https:\/\/infozamoraec.com\/?p=19952"},"modified":"2026-03-06T01:50:20","modified_gmt":"2026-03-06T01:50:20","slug":"empleados-de-prefectura-de-pichincha-y-municipio-de-quito-obligados-a-marchar-dice-gobierno","status":"publish","type":"post","link":"https:\/\/infozamoraec.com\/index.php\/2026\/03\/06\/empleados-de-prefectura-de-pichincha-y-municipio-de-quito-obligados-a-marchar-dice-gobierno\/","title":{"rendered":"Empleados de Prefectura de Pichincha y Municipio de Quito, obligados a marchar, dice Gobierno"},"content":{"rendered":"<p>Un video que se viraliz\u00f3 en redes sociales muestra cuando una inspectora laboral entr\u00f3 a las instalaciones de la Prefectura de Pichincha y estas luc\u00edan casi vac\u00edas sin ning\u00fan funcionario laborando.<\/p>\n<p>Una funcionaria de la Prefectura trat\u00f3 de ocultar un listado con los nombres de los dem\u00e1s empleados para tomar lista y saber qui\u00e9nes fueron a la marcha convocada por la Prefecta, Paola Pab\u00f3n. En eso, la trabajadora de la Prefectura se mostr\u00f3 enojada y violentamente arrug\u00f3 los papeles y lanz\u00f3 la bola contra la inspectora.<\/p>\n<p>De su lado, el ministro de Trabajo, Harold Burbano, denunci\u00f3 la noche del mi\u00e9rcoles 4 de marzo que una inspecci\u00f3n comprob\u00f3 que se oblig\u00f3 a los funcionarios de la Prefectura de Pichincha y del Municipio de Quito a asistir a marchas con fines pol\u00edticos.<\/p>\n<p>Se\u00f1al\u00f3 que el informe ya fue remitido a Contralor\u00eda para que la instituci\u00f3n act\u00fae bajos sus competencias y determine responsabilidades. \u00abAdem\u00e1s, estos hechos han sido puestos en conocimiento de la Fiscal\u00eda. Nadie utilizar\u00e1 la autonom\u00eda para vulnerar derechos ni violar la ley\u00bb, a\u00f1adi\u00f3.<\/p>\n<p>La denuncia en sus redes sociales est\u00e1 acompa\u00f1ada de un video en el que se ve a una funcionaria romper unos papeles que se encontraban en una carpeta, mientras quien graba le dice que \u201cno puede quitarle eso\u201d, en referencia a los documentos.<\/p>\n<p>Tambi\u00e9n se muestra la foto de la denuncia en Fiscal\u00eda por \u00abDestrucci\u00f3n de registros y ataque y resistencia\u00bb. As\u00ed mismo hay denuncias de lo mismo contra el Alcalde de Quito, P\u00e1bel Mu\u00f1oz, por las mismas razones.<\/p>\n<p>Esto se da en medio de la convocatoria de autoridades corre\u00edstas contra las reformas al Cootad aporbada por la Asamblea que exige a los municipios invertir al menos el 70% del presupuesto en obras y s\u00f3lo el 30% en gasto corriente, es decir en salarios y fiestas cantonales. (I)<\/p>\n","protected":false},"excerpt":{"rendered":"<p>Un video que se viraliz\u00f3 en redes sociales muestra cuando una inspectora laboral entr\u00f3 a las instalaciones de la Prefectura de Pichincha y estas luc\u00edan casi vac\u00edas sin ning\u00fan funcionario laborando. Una funcionaria de la Prefectura trat\u00f3 de ocultar un listado con los nombres de los dem\u00e1s empleados para tomar lista y saber qui\u00e9nes fueron [&hellip;]<\/p>\n","protected":false},"author":1,"featured_media":19953,"comment_status":"open","ping_status":"open","sticky":false,"template":"","format":"standard","meta":{"footnotes":""},"categories":[12],"tags":[],"_links":{"self":[{"href":"https:\/\/infozamoraec.com\/index.php\/wp-json\/wp\/v2\/posts\/19952"}],"collection":[{"href":"https:\/\/infozamoraec.com\/index.php\/wp-json\/wp\/v2\/posts"}],"about":[{"href":"https:\/\/infozamoraec.com\/index.php\/wp-json\/wp\/v2\/types\/post"}],"author":[{"embeddable":true,"href":"https:\/\/infozamoraec.com\/index.php\/wp-json\/wp\/v2\/users\/1"}],"replies":[{"embeddable":true,"href":"https:\/\/infozamoraec.com\/index.php\/wp-json\/wp\/v2\/comments?post=19952"}],"version-history":[{"count":1,"href":"https:\/\/infozamoraec.com\/index.php\/wp-json\/wp\/v2\/posts\/19952\/revisions"}],"predecessor-version":[{"id":19954,"href":"https:\/\/infozamoraec.com\/index.php\/wp-json\/wp\/v2\/posts\/19952\/revisions\/19954"}],"wp:featuredmedia":[{"embeddable":true,"href":"https:\/\/infozamoraec.com\/index.php\/wp-json\/wp\/v2\/media\/19953"}],"wp:attachment":[{"href":"https:\/\/infozamoraec.com\/index.php\/wp-json\/wp\/v2\/media?parent=19952"}],"wp:term":[{"taxonomy":"category","embeddable":true,"href":"https:\/\/infozamoraec.com\/index.php\/wp-json\/wp\/v2\/categories?post=19952"},{"taxonomy":"post_tag","embeddable":true,"href":"https:\/\/infozamoraec.com\/index.php\/wp-json\/wp\/v2\/tags?post=19952"}],"curies":[{"name":"wp","href":"https:\/\/api.w.org\/{rel}","templated":true}]}}