{"id":19945,"date":"2026-03-06T01:25:27","date_gmt":"2026-03-06T01:25:27","guid":{"rendered":"https:\/\/infozamoraec.com\/?p=19945"},"modified":"2026-03-06T01:25:27","modified_gmt":"2026-03-06T01:25:27","slug":"emmov-socializo-cuadro-tarifario-del-transporte-intracantonal-en-zumbi","status":"publish","type":"post","link":"https:\/\/infozamoraec.com\/index.php\/2026\/03\/06\/emmov-socializo-cuadro-tarifario-del-transporte-intracantonal-en-zumbi\/","title":{"rendered":"EMMOV socializ\u00f3 cuadro tarifario del transporte intracantonal en Zumbi"},"content":{"rendered":"<p data-start=\"76\" data-end=\"356\">La Empresa Mancomunada de Movilidad de Zamora Chinchipe (<span class=\"hover:entity-accent entity-underline inline cursor-pointer align-baseline\"><span class=\"whitespace-normal\">EMMOV EP<\/span><\/span>) desarroll\u00f3 una jornada de socializaci\u00f3n del cuadro tarifario correspondiente al estudio t\u00e9cnico del transporte p\u00fablico intracantonal en el cant\u00f3n <span class=\"hover:entity-accent entity-underline inline cursor-pointer align-baseline\"><span class=\"whitespace-normal\">Centinela del C\u00f3ndor<\/span><\/span>.<\/p>\n<p data-start=\"358\" data-end=\"731\">El encuentro se realiz\u00f3 el pasado martes en la parroquia <span class=\"hover:entity-accent entity-underline inline cursor-pointer align-baseline\"><span class=\"whitespace-normal\">Zumbi<\/span><\/span>, donde participaron representantes de comunidades, transportistas y ciudadanos interesados en conocer los detalles del estudio t\u00e9cnico que respalda la propuesta tarifaria para las rutas contempladas dentro de los permisos de operaci\u00f3n de la compa\u00f1\u00eda de transporte intracantonal.<\/p>\n<p data-start=\"733\" data-end=\"1158\">Durante la jornada, t\u00e9cnicos de la empresa expusieron los principales resultados del an\u00e1lisis realizado, explicando los criterios t\u00e9cnicos, operativos y de sostenibilidad del servicio que fueron considerados para la elaboraci\u00f3n del cuadro tarifario. La presentaci\u00f3n permiti\u00f3 aclarar dudas sobre la estructura de costos y la necesidad de garantizar un sistema de transporte funcional y sostenible para los usuarios del cant\u00f3n.<\/p>\n<p data-start=\"1160\" data-end=\"1588\">El espacio tambi\u00e9n permiti\u00f3 recoger inquietudes, observaciones y planteamientos de los asistentes, entre ellos usuarios del transporte p\u00fablico y representantes del sector transportista. Seg\u00fan se inform\u00f3, estos aportes ser\u00e1n analizados t\u00e9cnicamente y podr\u00edan ser considerados para posibles ajustes dentro del Plan de Movilidad, as\u00ed como en la realizaci\u00f3n de estudios complementarios orientados a mejorar el sistema de transporte.<\/p>\n<p data-start=\"1590\" data-end=\"1885\" data-is-last-node=\"\" data-is-only-node=\"\">El gerente de la EMMOV, Julio Jaramillo,\u00a0 destac\u00f3 que este tipo de encuentros forman parte de un proceso participativo y transparente que busca fortalecer la planificaci\u00f3n del transporte p\u00fablico, con el objetivo de consolidar un servicio eficiente, equitativo y acorde a las necesidades de la poblaci\u00f3n del cant\u00f3n.<\/p>\n","protected":false},"excerpt":{"rendered":"<p>La Empresa Mancomunada de Movilidad de Zamora Chinchipe (EMMOV EP) desarroll\u00f3 una jornada de socializaci\u00f3n del cuadro tarifario correspondiente al estudio t\u00e9cnico del transporte p\u00fablico intracantonal en el cant\u00f3n Centinela del C\u00f3ndor. El encuentro se realiz\u00f3 el pasado martes en la parroquia Zumbi, donde participaron representantes de comunidades, transportistas y ciudadanos interesados en conocer los [&hellip;]<\/p>\n","protected":false},"author":1,"featured_media":19946,"comment_status":"open","ping_status":"open","sticky":false,"template":"","format":"standard","meta":{"footnotes":""},"categories":[9],"tags":[],"_links":{"self":[{"href":"https:\/\/infozamoraec.com\/index.php\/wp-json\/wp\/v2\/posts\/19945"}],"collection":[{"href":"https:\/\/infozamoraec.com\/index.php\/wp-json\/wp\/v2\/posts"}],"about":[{"href":"https:\/\/infozamoraec.com\/index.php\/wp-json\/wp\/v2\/types\/post"}],"author":[{"embeddable":true,"href":"https:\/\/infozamoraec.com\/index.php\/wp-json\/wp\/v2\/users\/1"}],"replies":[{"embeddable":true,"href":"https:\/\/infozamoraec.com\/index.php\/wp-json\/wp\/v2\/comments?post=19945"}],"version-history":[{"count":2,"href":"https:\/\/infozamoraec.com\/index.php\/wp-json\/wp\/v2\/posts\/19945\/revisions"}],"predecessor-version":[{"id":19948,"href":"https:\/\/infozamoraec.com\/index.php\/wp-json\/wp\/v2\/posts\/19945\/revisions\/19948"}],"wp:featuredmedia":[{"embeddable":true,"href":"https:\/\/infozamoraec.com\/index.php\/wp-json\/wp\/v2\/media\/19946"}],"wp:attachment":[{"href":"https:\/\/infozamoraec.com\/index.php\/wp-json\/wp\/v2\/media?parent=19945"}],"wp:term":[{"taxonomy":"category","embeddable":true,"href":"https:\/\/infozamoraec.com\/index.php\/wp-json\/wp\/v2\/categories?post=19945"},{"taxonomy":"post_tag","embeddable":true,"href":"https:\/\/infozamoraec.com\/index.php\/wp-json\/wp\/v2\/tags?post=19945"}],"curies":[{"name":"wp","href":"https:\/\/api.w.org\/{rel}","templated":true}]}}