{"id":19938,"date":"2026-03-06T01:17:20","date_gmt":"2026-03-06T01:17:20","guid":{"rendered":"https:\/\/infozamoraec.com\/?p=19938"},"modified":"2026-03-06T01:17:20","modified_gmt":"2026-03-06T01:17:20","slug":"organizaciones-e-instituciones-presentan-agenda-conmemorativa-por-el-dia-internacional-de-la-mujer-en-zamora","status":"publish","type":"post","link":"https:\/\/infozamoraec.com\/index.php\/2026\/03\/06\/organizaciones-e-instituciones-presentan-agenda-conmemorativa-por-el-dia-internacional-de-la-mujer-en-zamora\/","title":{"rendered":"Organizaciones e instituciones presentan agenda conmemorativa por el D\u00eda Internacional de la Mujer en Zamora"},"content":{"rendered":"<p data-start=\"100\" data-end=\"447\">Diversas organizaciones de mujeres, junto a instituciones p\u00fablicas y privadas, conformaron la mesa de di\u00e1logo <strong data-start=\"210\" data-end=\"268\">\u201cM\u00e1s Transparencia Zamora, Ciudad de Paz y Honestidad\u201d<\/strong>, con el objetivo de coordinar y desarrollar la agenda provincial en conmemoraci\u00f3n del <span class=\"hover:entity-accent entity-underline inline cursor-pointer align-baseline\"><span class=\"whitespace-normal\">D\u00eda Internacional de la Mujer<\/span><\/span> en la ciudad de <span class=\"hover:entity-accent entity-underline inline cursor-pointer align-baseline\"><span class=\"whitespace-normal\">Zamora<\/span><\/span>.<\/p>\n<p data-start=\"449\" data-end=\"707\">Este espacio de articulaci\u00f3n re\u00fane a organizaciones sociales y entidades estatales que buscan promover actividades orientadas a visibilizar el rol de la mujer en la sociedad, as\u00ed como fomentar la participaci\u00f3n ciudadana, el respeto y la igualdad de derechos.<\/p>\n<p data-start=\"709\" data-end=\"1119\">Entre las instituciones participantes se encuentran la <span class=\"hover:entity-accent entity-underline inline cursor-pointer align-baseline\"><span class=\"whitespace-normal\">Prefectura de Zamora Chinchipe<\/span><\/span>, la <span class=\"hover:entity-accent entity-underline inline cursor-pointer align-baseline\"><span class=\"whitespace-normal\">Gobernaci\u00f3n de Zamora Chinchipe<\/span><\/span>, el <span class=\"hover:entity-accent entity-underline inline cursor-pointer align-baseline\"><span class=\"whitespace-normal\">Gobierno Aut\u00f3nomo Descentralizado Municipal de Zamora<\/span><\/span>, la <span class=\"hover:entity-accent entity-underline inline cursor-pointer align-baseline\"><span class=\"whitespace-normal\">Defensor\u00eda del Pueblo de Ecuador<\/span><\/span>, la <span class=\"hover:entity-accent entity-underline inline cursor-pointer align-baseline\"><span class=\"whitespace-normal\">Polic\u00eda Nacional del Ecuador<\/span><\/span>, el <span class=\"hover:entity-accent entity-underline inline cursor-pointer align-baseline\"><span class=\"whitespace-normal\">Ministerio de Agricultura y Ganader\u00eda del Ecuador<\/span><\/span> y el <span class=\"hover:entity-accent entity-underline inline cursor-pointer align-baseline\"><span class=\"whitespace-normal\">Ministerio de Educaci\u00f3n del Ecuador<\/span><\/span>, adem\u00e1s de colectivos y agrupaciones de mujeres de la provincia.<\/p>\n<p data-start=\"1121\" data-end=\"1427\">Como parte de la agenda programada, el lunes 9 de marzo se desarrollar\u00e1 una jornada conmemorativa que iniciar\u00e1 a las 08h30 con una caminata que partir\u00e1 desde el <span class=\"hover:entity-accent entity-underline inline cursor-pointer align-baseline\"><span class=\"whitespace-normal\">Redondel de la Etnia Shuar<\/span><\/span>. Posteriormente, a las 09h30, se realizar\u00e1 un momento c\u00edvico en el <span class=\"hover:entity-accent entity-underline inline cursor-pointer align-baseline\"><span class=\"whitespace-normal\">Centro Comercial Reina del Cisne<\/span><\/span>.<\/p>\n<p data-start=\"1429\" data-end=\"1686\">La jornada continuar\u00e1 con una feria de emprendimientos, en la que mujeres emprendedoras expondr\u00e1n y comercializar\u00e1n sus productos, promoviendo el fortalecimiento de la econom\u00eda local y el reconocimiento del trabajo femenino en distintos \u00e1mbitos productivos.<\/p>\n<p data-start=\"1688\" data-end=\"1937\" data-is-last-node=\"\" data-is-only-node=\"\">Los organizadores invitan a la ciudadan\u00eda a sumarse a estas actividades conmemorativas que buscan generar espacios de reflexi\u00f3n, participaci\u00f3n y reconocimiento al aporte de las mujeres en el desarrollo social y econ\u00f3mico de la provincia.<\/p>\n<p data-start=\"1861\" data-end=\"2173\">Durante la presentaci\u00f3n de la agenda, la gobernadora de la provincia, <span class=\"hover:entity-accent entity-underline inline cursor-pointer align-baseline\"><span class=\"whitespace-normal\">Ivonne Panchi<\/span><\/span>, destac\u00f3 la importancia de generar espacios de participaci\u00f3n que permitan reconocer el aporte de las mujeres en distintos \u00e1mbitos de la sociedad, as\u00ed como fortalecer acciones que promuevan sus derechos.<\/p>\n<p data-start=\"2175\" data-end=\"2468\">Por su parte, la prefecta de la provincia, <span class=\"hover:entity-accent entity-underline inline cursor-pointer align-baseline\"><span class=\"whitespace-normal\">Karla Re\u00e1tegui<\/span><\/span>, se sum\u00f3 a la invitaci\u00f3n para que la ciudadan\u00eda participe en las actividades programadas, resaltando el papel fundamental que cumplen las mujeres en el desarrollo social, econ\u00f3mico y comunitario del territorio.<\/p>\n","protected":false},"excerpt":{"rendered":"<p>Diversas organizaciones de mujeres, junto a instituciones p\u00fablicas y privadas, conformaron la mesa de di\u00e1logo \u201cM\u00e1s Transparencia Zamora, Ciudad de Paz y Honestidad\u201d, con el objetivo de coordinar y desarrollar la agenda provincial en conmemoraci\u00f3n del D\u00eda Internacional de la Mujer en la ciudad de Zamora. Este espacio de articulaci\u00f3n re\u00fane a organizaciones sociales y [&hellip;]<\/p>\n","protected":false},"author":1,"featured_media":19939,"comment_status":"open","ping_status":"open","sticky":false,"template":"","format":"standard","meta":{"footnotes":""},"categories":[9],"tags":[],"_links":{"self":[{"href":"https:\/\/infozamoraec.com\/index.php\/wp-json\/wp\/v2\/posts\/19938"}],"collection":[{"href":"https:\/\/infozamoraec.com\/index.php\/wp-json\/wp\/v2\/posts"}],"about":[{"href":"https:\/\/infozamoraec.com\/index.php\/wp-json\/wp\/v2\/types\/post"}],"author":[{"embeddable":true,"href":"https:\/\/infozamoraec.com\/index.php\/wp-json\/wp\/v2\/users\/1"}],"replies":[{"embeddable":true,"href":"https:\/\/infozamoraec.com\/index.php\/wp-json\/wp\/v2\/comments?post=19938"}],"version-history":[{"count":2,"href":"https:\/\/infozamoraec.com\/index.php\/wp-json\/wp\/v2\/posts\/19938\/revisions"}],"predecessor-version":[{"id":19941,"href":"https:\/\/infozamoraec.com\/index.php\/wp-json\/wp\/v2\/posts\/19938\/revisions\/19941"}],"wp:featuredmedia":[{"embeddable":true,"href":"https:\/\/infozamoraec.com\/index.php\/wp-json\/wp\/v2\/media\/19939"}],"wp:attachment":[{"href":"https:\/\/infozamoraec.com\/index.php\/wp-json\/wp\/v2\/media?parent=19938"}],"wp:term":[{"taxonomy":"category","embeddable":true,"href":"https:\/\/infozamoraec.com\/index.php\/wp-json\/wp\/v2\/categories?post=19938"},{"taxonomy":"post_tag","embeddable":true,"href":"https:\/\/infozamoraec.com\/index.php\/wp-json\/wp\/v2\/tags?post=19938"}],"curies":[{"name":"wp","href":"https:\/\/api.w.org\/{rel}","templated":true}]}}