{"id":19935,"date":"2026-03-06T01:07:03","date_gmt":"2026-03-06T01:07:03","guid":{"rendered":"https:\/\/infozamoraec.com\/?p=19935"},"modified":"2026-03-06T01:07:03","modified_gmt":"2026-03-06T01:07:03","slug":"el-pangui-conmemorara-el-8m","status":"publish","type":"post","link":"https:\/\/infozamoraec.com\/index.php\/2026\/03\/06\/el-pangui-conmemorara-el-8m\/","title":{"rendered":"El Pangui conmemorar\u00e1 el 8m"},"content":{"rendered":"<p>En conmemoraci\u00f3n del 8 de marzo, D\u00eda Internacional de la Mujer, se rinde homenaje a la fortaleza, valent\u00eda y dedicaci\u00f3n de todas las mujeres que, con su esfuerzo diario, contribuyen a construir una sociedad m\u00e1s justa, solidaria y llena de oportunidades.<\/p>\n<p>Por este motivo, la Alcald\u00eda de El Pangui, el Consejo y la Junta Cantonal de Protecci\u00f3n de Derechos (CCPD-P), impulsan una jornada conmemorativa para resaltar esta importante fecha.<\/p>\n<p>La programaci\u00f3n contar\u00e1 con diversas actividades culturales y recreativas dirigidas a toda la comunidad, entre ellas presentaciones musicales con artistas locales, danzas y una casa abierta.<\/p>\n<p>Beatriz Bravo, secretaria ejecutiva del CCPD-P, inform\u00f3 que la jornada se desarrollar\u00e1 el lunes 09 de marzo, desde las 14:00 y la concentraci\u00f3n ser\u00e1 en el Parque Central de El Pangui.<\/p>\n<p>A decir de Bravo el objetivo es promover la igualdad, el respeto; y, sobre todo, reconocer el valor y el rol que cumplen actualmente todas las mujeres en la sociedad.<\/p>\n<p>Para garantizar el desarrollo seguro del evento, se ha coordinado con varias instituciones, entre ellas: Cuerpo de Bomberos, la Polic\u00eda Nacional, la Comisar\u00eda Municipal y Nacional, y el \u00e1rea de Seguridad Ocupacional del ayuntamiento, resalt\u00f3, al tiempo que invit\u00f3 a \u00a0la ciudadan\u00eda a participar y sumarse en el Circuito Atl\u00e9tico 5K \u201cPor un Derecho Conquistado\u201d segunda edici\u00f3n, un espacio de encuentro, reflexi\u00f3n y celebraci\u00f3n deportiva.<\/p>\n<p>Una actividad de confraternidad deportiva se desarrollar\u00e1 en las principales calles de la urbe, y donde podr\u00e1n participar atletas: damas y varones de todas las edades.<\/p>\n","protected":false},"excerpt":{"rendered":"<p>En conmemoraci\u00f3n del 8 de marzo, D\u00eda Internacional de la Mujer, se rinde homenaje a la fortaleza, valent\u00eda y dedicaci\u00f3n de todas las mujeres que, con su esfuerzo diario, contribuyen a construir una sociedad m\u00e1s justa, solidaria y llena de oportunidades. Por este motivo, la Alcald\u00eda de El Pangui, el Consejo y la Junta Cantonal [&hellip;]<\/p>\n","protected":false},"author":1,"featured_media":19936,"comment_status":"open","ping_status":"open","sticky":false,"template":"","format":"standard","meta":{"footnotes":""},"categories":[9],"tags":[],"_links":{"self":[{"href":"https:\/\/infozamoraec.com\/index.php\/wp-json\/wp\/v2\/posts\/19935"}],"collection":[{"href":"https:\/\/infozamoraec.com\/index.php\/wp-json\/wp\/v2\/posts"}],"about":[{"href":"https:\/\/infozamoraec.com\/index.php\/wp-json\/wp\/v2\/types\/post"}],"author":[{"embeddable":true,"href":"https:\/\/infozamoraec.com\/index.php\/wp-json\/wp\/v2\/users\/1"}],"replies":[{"embeddable":true,"href":"https:\/\/infozamoraec.com\/index.php\/wp-json\/wp\/v2\/comments?post=19935"}],"version-history":[{"count":1,"href":"https:\/\/infozamoraec.com\/index.php\/wp-json\/wp\/v2\/posts\/19935\/revisions"}],"predecessor-version":[{"id":19937,"href":"https:\/\/infozamoraec.com\/index.php\/wp-json\/wp\/v2\/posts\/19935\/revisions\/19937"}],"wp:featuredmedia":[{"embeddable":true,"href":"https:\/\/infozamoraec.com\/index.php\/wp-json\/wp\/v2\/media\/19936"}],"wp:attachment":[{"href":"https:\/\/infozamoraec.com\/index.php\/wp-json\/wp\/v2\/media?parent=19935"}],"wp:term":[{"taxonomy":"category","embeddable":true,"href":"https:\/\/infozamoraec.com\/index.php\/wp-json\/wp\/v2\/categories?post=19935"},{"taxonomy":"post_tag","embeddable":true,"href":"https:\/\/infozamoraec.com\/index.php\/wp-json\/wp\/v2\/tags?post=19935"}],"curies":[{"name":"wp","href":"https:\/\/api.w.org\/{rel}","templated":true}]}}