{"id":19931,"date":"2026-03-05T01:55:49","date_gmt":"2026-03-05T01:55:49","guid":{"rendered":"https:\/\/infozamoraec.com\/?p=19931"},"modified":"2026-03-05T01:59:44","modified_gmt":"2026-03-05T01:59:44","slug":"cuba-acusa-de-terrorismo-a-seis-heridos-en-ataque-de-lancha","status":"publish","type":"post","link":"https:\/\/infozamoraec.com\/index.php\/2026\/03\/05\/cuba-acusa-de-terrorismo-a-seis-heridos-en-ataque-de-lancha\/","title":{"rendered":"Cuba acusa de terrorismo a seis heridos en ataque de lancha"},"content":{"rendered":"<p>Cuba acus\u00f3 formalmente a seis personas por \u00abterrorismo\u00bb y orden\u00f3 su detenci\u00f3n preventiva el martes (03.03.2026) en relaci\u00f3n con un incidente ocurrido la semana pasada en el que las fuerzas cubanas mataron a cuatro e hirieron a otros seis a bordo de una lancha r\u00e1pida que entr\u00f3 en aguas cubanas.<\/p>\n<p>El Ministerio del Interior de Cuba anunci\u00f3 el tiroteo en el mar el mi\u00e9rcoles pasado y y acus\u00f3 a los exiliados cubanos de abrir fuego contra un barco de la guardia fronteriza, afirmando que viajaron desde Estados Unidos para sembrar el caos y atacar unidades militares en la isla.<\/p>\n<p>Las fuerzas cubanas respondieron al fuego y, tras matar a cuatro pasajeros, detuvieron a los seis supervivientes, seg\u00fan se\u00f1al\u00f3 oficialmente Cuba.<\/p>\n<p>No ha habido m\u00e1s informaci\u00f3n sobre el estado de los detenidos heridos ni sobre su paradero, en un momento de gran tensi\u00f3n entre Estados Unidos y Cuba.<\/p>\n<p>Washington ha detenido efectivamente todos los env\u00edos de petr\u00f3leo a la isla comunista, al tiempo que exige cambios pol\u00edticos y econ\u00f3micos al gobierno de Miguel D\u00edaz-Canel.<\/p>\n<p>Las autoridades cubanas dijeron que los supuestos infiltrados llevaban casi 13 000 cartuchos de munici\u00f3n, 13 rifles y 11 pistolas, y mostraron el armamento incautado durante un programa especial de televisi\u00f3n el viernes.<\/p>\n<p>Tambi\u00e9n mostraron im\u00e1genes de dos embarcaciones, cada una de ellas con perforaciones de bala a causa del tiroteo que, seg\u00fan dijeron, tuvo lugar a una distancia de 20 metros.<\/p>\n<p>gs (reuters, afp)<\/p>\n<p>&nbsp;<\/p>\n","protected":false},"excerpt":{"rendered":"<p>Cuba acus\u00f3 formalmente a seis personas por \u00abterrorismo\u00bb y orden\u00f3 su detenci\u00f3n preventiva el martes (03.03.2026) en relaci\u00f3n con un incidente ocurrido la semana pasada en el que las fuerzas cubanas mataron a cuatro e hirieron a otros seis a bordo de una lancha r\u00e1pida que entr\u00f3 en aguas cubanas. El Ministerio del Interior de [&hellip;]<\/p>\n","protected":false},"author":1,"featured_media":19933,"comment_status":"open","ping_status":"open","sticky":false,"template":"","format":"standard","meta":{"footnotes":""},"categories":[8],"tags":[],"_links":{"self":[{"href":"https:\/\/infozamoraec.com\/index.php\/wp-json\/wp\/v2\/posts\/19931"}],"collection":[{"href":"https:\/\/infozamoraec.com\/index.php\/wp-json\/wp\/v2\/posts"}],"about":[{"href":"https:\/\/infozamoraec.com\/index.php\/wp-json\/wp\/v2\/types\/post"}],"author":[{"embeddable":true,"href":"https:\/\/infozamoraec.com\/index.php\/wp-json\/wp\/v2\/users\/1"}],"replies":[{"embeddable":true,"href":"https:\/\/infozamoraec.com\/index.php\/wp-json\/wp\/v2\/comments?post=19931"}],"version-history":[{"count":1,"href":"https:\/\/infozamoraec.com\/index.php\/wp-json\/wp\/v2\/posts\/19931\/revisions"}],"predecessor-version":[{"id":19934,"href":"https:\/\/infozamoraec.com\/index.php\/wp-json\/wp\/v2\/posts\/19931\/revisions\/19934"}],"wp:featuredmedia":[{"embeddable":true,"href":"https:\/\/infozamoraec.com\/index.php\/wp-json\/wp\/v2\/media\/19933"}],"wp:attachment":[{"href":"https:\/\/infozamoraec.com\/index.php\/wp-json\/wp\/v2\/media?parent=19931"}],"wp:term":[{"taxonomy":"category","embeddable":true,"href":"https:\/\/infozamoraec.com\/index.php\/wp-json\/wp\/v2\/categories?post=19931"},{"taxonomy":"post_tag","embeddable":true,"href":"https:\/\/infozamoraec.com\/index.php\/wp-json\/wp\/v2\/tags?post=19931"}],"curies":[{"name":"wp","href":"https:\/\/api.w.org\/{rel}","templated":true}]}}