{"id":19917,"date":"2026-03-05T01:47:00","date_gmt":"2026-03-05T01:47:00","guid":{"rendered":"https:\/\/infozamoraec.com\/?p=19917"},"modified":"2026-03-05T01:47:00","modified_gmt":"2026-03-05T01:47:00","slug":"ecuador-rompe-relaciones-con-cuba-retira-a-su-embajador-y-expulsa-al-cubano","status":"publish","type":"post","link":"https:\/\/infozamoraec.com\/index.php\/2026\/03\/05\/ecuador-rompe-relaciones-con-cuba-retira-a-su-embajador-y-expulsa-al-cubano\/","title":{"rendered":"Ecuador rompe relaciones con Cuba: retira a su embajador y expulsa al cubano"},"content":{"rendered":"<p>Ecuador ha declarado persona \u2018non grata\u2019 al embajador de Cuba en Quito, Basilio Antonio Guti\u00e9rrez Garc\u00eda, as\u00ed como a toda la misi\u00f3n diplom\u00e1tica de ese pa\u00eds acreditada en el territorio nacional, menos de media hora despu\u00e9s de anunciar el retiro del embajador ecuatoriano en La Habana, Jos\u00e9 Mar\u00eda Borja, la ma\u00f1ana de este mi\u00e9rcoles 4 de marzo de 2026.<\/p>\n<p>La decisi\u00f3n se basa en el art\u00edculo 9 de la Convenci\u00f3n de Viena sobre relaciones diplom\u00e1ticas, que faculta al Estado receptor a declarar persona non grata a cualquier miembro del personal diplom\u00e1tico de otro pa\u00eds, en cualquier momento y sin exponer los motivos.<\/p>\n<p>Ecuador otorg\u00f3 un plazo de 48 horas para que el Embajador de Cuba y los 22 integrantes de la misi\u00f3n abandonen el pa\u00eds.<\/p>\n<p>Por Decreto 317, el presidente Noboa tambi\u00e9n declar\u00f3 terminadas las funciones del embajador Jos\u00e9 Mar\u00eda Borja en Cuba, as\u00ed como ante el Gobierno de la Mancomunidad de Dominica, el Gobierno de Jamaica y el de San Vicente y las Granadinas, con sede en La Habana.<\/p>\n<p>Activismo<br \/>\nEstas decisiones por parte de Noboa se producen pocos d\u00edas antes de que acuda a Estados Unidos para participar en una cumbre de presidentes de pa\u00edses de Latinoam\u00e9rica con Donald Trump, con quien la Administraci\u00f3n ecuatoriana ha estrechado lazos y respaldado en su pol\u00edtica exterior, como con la captura del presidente de Venezuela Nicol\u00e1s Maduro.<\/p>\n<p>En los \u00faltimos d\u00edas, seg\u00fan la p\u00e1gina de Facebook de la Embajada de Cuba en el Ecuador, y la del propio embajador Basilio Guti\u00e9rrez, Cuba se hab\u00eda concentrado en organizar reuniones de ecuatorianos que protestaban contra la pol\u00edtica de los Estados Unidos respecto a Cuba.<\/p>\n<p>Noboa abre una nueva crisis diplom\u00e1tica con otro pa\u00eds de Latinoam\u00e9rica tras tener ya relaciones rotas con Venezuela, M\u00e9xico y Nicaragua luego de la captura del exvicepresidente corre\u00edsta Jorge Glas en un asalto a la Embajada mexicana.<\/p>\n","protected":false},"excerpt":{"rendered":"<p>Ecuador ha declarado persona \u2018non grata\u2019 al embajador de Cuba en Quito, Basilio Antonio Guti\u00e9rrez Garc\u00eda, as\u00ed como a toda la misi\u00f3n diplom\u00e1tica de ese pa\u00eds acreditada en el territorio nacional, menos de media hora despu\u00e9s de anunciar el retiro del embajador ecuatoriano en La Habana, Jos\u00e9 Mar\u00eda Borja, la ma\u00f1ana de este mi\u00e9rcoles 4 [&hellip;]<\/p>\n","protected":false},"author":1,"featured_media":19918,"comment_status":"open","ping_status":"open","sticky":false,"template":"","format":"standard","meta":{"footnotes":""},"categories":[12],"tags":[],"_links":{"self":[{"href":"https:\/\/infozamoraec.com\/index.php\/wp-json\/wp\/v2\/posts\/19917"}],"collection":[{"href":"https:\/\/infozamoraec.com\/index.php\/wp-json\/wp\/v2\/posts"}],"about":[{"href":"https:\/\/infozamoraec.com\/index.php\/wp-json\/wp\/v2\/types\/post"}],"author":[{"embeddable":true,"href":"https:\/\/infozamoraec.com\/index.php\/wp-json\/wp\/v2\/users\/1"}],"replies":[{"embeddable":true,"href":"https:\/\/infozamoraec.com\/index.php\/wp-json\/wp\/v2\/comments?post=19917"}],"version-history":[{"count":1,"href":"https:\/\/infozamoraec.com\/index.php\/wp-json\/wp\/v2\/posts\/19917\/revisions"}],"predecessor-version":[{"id":19919,"href":"https:\/\/infozamoraec.com\/index.php\/wp-json\/wp\/v2\/posts\/19917\/revisions\/19919"}],"wp:featuredmedia":[{"embeddable":true,"href":"https:\/\/infozamoraec.com\/index.php\/wp-json\/wp\/v2\/media\/19918"}],"wp:attachment":[{"href":"https:\/\/infozamoraec.com\/index.php\/wp-json\/wp\/v2\/media?parent=19917"}],"wp:term":[{"taxonomy":"category","embeddable":true,"href":"https:\/\/infozamoraec.com\/index.php\/wp-json\/wp\/v2\/categories?post=19917"},{"taxonomy":"post_tag","embeddable":true,"href":"https:\/\/infozamoraec.com\/index.php\/wp-json\/wp\/v2\/tags?post=19917"}],"curies":[{"name":"wp","href":"https:\/\/api.w.org\/{rel}","templated":true}]}}