{"id":19914,"date":"2026-03-05T01:45:28","date_gmt":"2026-03-05T01:45:28","guid":{"rendered":"https:\/\/infozamoraec.com\/?p=19914"},"modified":"2026-03-05T01:45:28","modified_gmt":"2026-03-05T01:45:28","slug":"allanamiento-en-pomasqui-relacionado-con-caso-de-filtracion-de-informacion-que-involucra-a-excomandante-tannya-varela","status":"publish","type":"post","link":"https:\/\/infozamoraec.com\/index.php\/2026\/03\/05\/allanamiento-en-pomasqui-relacionado-con-caso-de-filtracion-de-informacion-que-involucra-a-excomandante-tannya-varela\/","title":{"rendered":"Allanamiento en Pomasqui relacionado con caso de filtraci\u00f3n de informaci\u00f3n que involucra a excomandante Tannya Varela"},"content":{"rendered":"<p>Personal de la Fiscal\u00eda realiz\u00f3 la madrugada de este mi\u00e9rcoles un allanamiento en Pomasqui, en el norte de Quito.<\/p>\n<p>La diligencia se realiz\u00f3 como parte de una instrucci\u00f3n fiscal abierta por presunta difusi\u00f3n de informaci\u00f3n de circulaci\u00f3n restringida relacionada con la filtraci\u00f3n de informaci\u00f3n desde altos mandos policiales.<\/p>\n<p>Durante la madrugada, la Fiscal\u00eda indic\u00f3 que se levantaron varios indicios: una memoria externa y documentos que contendr\u00edan informaci\u00f3n relevante para esta causa.<\/p>\n<p>Esta causa est\u00e1 relacionada con el proceso contra Tannya Varela, excomandante general de Polic\u00eda, el coronel Jos\u00e9 Luis E. V. y el exteniente Rodney R. Q.<\/p>\n","protected":false},"excerpt":{"rendered":"<p>Personal de la Fiscal\u00eda realiz\u00f3 la madrugada de este mi\u00e9rcoles un allanamiento en Pomasqui, en el norte de Quito. La diligencia se realiz\u00f3 como parte de una instrucci\u00f3n fiscal abierta por presunta difusi\u00f3n de informaci\u00f3n de circulaci\u00f3n restringida relacionada con la filtraci\u00f3n de informaci\u00f3n desde altos mandos policiales. Durante la madrugada, la Fiscal\u00eda indic\u00f3 que [&hellip;]<\/p>\n","protected":false},"author":1,"featured_media":19915,"comment_status":"open","ping_status":"open","sticky":false,"template":"","format":"standard","meta":{"footnotes":""},"categories":[12],"tags":[],"_links":{"self":[{"href":"https:\/\/infozamoraec.com\/index.php\/wp-json\/wp\/v2\/posts\/19914"}],"collection":[{"href":"https:\/\/infozamoraec.com\/index.php\/wp-json\/wp\/v2\/posts"}],"about":[{"href":"https:\/\/infozamoraec.com\/index.php\/wp-json\/wp\/v2\/types\/post"}],"author":[{"embeddable":true,"href":"https:\/\/infozamoraec.com\/index.php\/wp-json\/wp\/v2\/users\/1"}],"replies":[{"embeddable":true,"href":"https:\/\/infozamoraec.com\/index.php\/wp-json\/wp\/v2\/comments?post=19914"}],"version-history":[{"count":1,"href":"https:\/\/infozamoraec.com\/index.php\/wp-json\/wp\/v2\/posts\/19914\/revisions"}],"predecessor-version":[{"id":19916,"href":"https:\/\/infozamoraec.com\/index.php\/wp-json\/wp\/v2\/posts\/19914\/revisions\/19916"}],"wp:featuredmedia":[{"embeddable":true,"href":"https:\/\/infozamoraec.com\/index.php\/wp-json\/wp\/v2\/media\/19915"}],"wp:attachment":[{"href":"https:\/\/infozamoraec.com\/index.php\/wp-json\/wp\/v2\/media?parent=19914"}],"wp:term":[{"taxonomy":"category","embeddable":true,"href":"https:\/\/infozamoraec.com\/index.php\/wp-json\/wp\/v2\/categories?post=19914"},{"taxonomy":"post_tag","embeddable":true,"href":"https:\/\/infozamoraec.com\/index.php\/wp-json\/wp\/v2\/tags?post=19914"}],"curies":[{"name":"wp","href":"https:\/\/api.w.org\/{rel}","templated":true}]}}