{"id":19911,"date":"2026-03-05T01:44:14","date_gmt":"2026-03-05T01:44:14","guid":{"rendered":"https:\/\/infozamoraec.com\/?p=19911"},"modified":"2026-03-05T01:44:14","modified_gmt":"2026-03-05T01:44:14","slug":"alianza-entre-academia-empresa-privada-y-sector-social-impulsa-capacitacion-tecnica-para-mujeres-ecuatorianas","status":"publish","type":"post","link":"https:\/\/infozamoraec.com\/index.php\/2026\/03\/05\/alianza-entre-academia-empresa-privada-y-sector-social-impulsa-capacitacion-tecnica-para-mujeres-ecuatorianas\/","title":{"rendered":"Alianza entre academia, empresa privada y sector social impulsa capacitaci\u00f3n t\u00e9cnica para mujeres ecuatorianas"},"content":{"rendered":"<p>La Fundaci\u00f3n Ana, liderada por la primera dama del Ecuador, Lavinia Valbonesi, junto a la Universidad San Francisco de Quito USFQ y Decorkasa\/KitchenAid firmaron una alianza estrat\u00e9gica multisectorial para lanzar un proyecto enfocado en panader\u00eda y pasteler\u00eda para mujeres emprendedoras, cuyo prop\u00f3sito es transformar el talento femenino en oportunidades reales y sostenibles.<\/p>\n<p>La presencia de la primera dama dio un significado especial al encuentro al acompa\u00f1ar a cerca de 50 mujeres de la Fundaci\u00f3n Ana que se integrar\u00e1n a este programa de formaci\u00f3n, quienes han decidido apostar por su crecimiento personal y profesional con el objetivo de construir un futuro con mayor autonom\u00eda; su participaci\u00f3n no solo representa un respaldo institucional, sino tambi\u00e9n un compromiso humano, cercano y solidario con cada una de sus historias.<\/p>\n<p>La iniciativa se centrar\u00e1 en varias aristas, por su parte la USFQ garantiza un componente acad\u00e9mico s\u00f3lido, a trav\u00e9s de la capacitaci\u00f3n y talleres pr\u00e1cticos en panader\u00eda y pasteler\u00eda con prop\u00f3sito, brindando formaci\u00f3n t\u00e9cnica de alto nivel y un acompa\u00f1amiento profesional integral a trav\u00e9s del Colegio de Hospitalidad, Arte Culinario y Turismo (CHAT). En cuanto a Decorkasa\/KitchenAid, como referente internacional en equipamiento de cocina, aporta innovaci\u00f3n, calidad y respaldo t\u00e9cnico, elevando el est\u00e1ndar productivo de las emprendedoras.<\/p>\n<p>Frente a este escenario, cada aprendizaje representar\u00e1 un paso firme hacia la independencia econ\u00f3mica y la posibilidad real de convertir un sue\u00f1o en un negocio que se consolida en el tiempo con el apoyo de la academia, el sector privado y social.<\/p>\n<p>El evento de lanzamiento se realiz\u00f3 el 2 de marzo de 2026 en el Teatro Calder\u00f3n de la Barca de la USFQ, y fue un espacio emotivo, donde adem\u00e1s de la presentaci\u00f3n oficial de esta iniciativa de la Fundaci\u00f3n Ana, se compartieron testimonios de resiliencia, valent\u00eda y determinaci\u00f3n de varias de las beneficiadas. Es as\u00ed que durante esta jornada se celebr\u00f3 la fuerza femenina y el poder de la educaci\u00f3n como herramienta de cambio estructural, record\u00e1ndonos que detr\u00e1s de cada emprendimiento hay una historia de superaci\u00f3n y esperanza.<\/p>\n","protected":false},"excerpt":{"rendered":"<p>La Fundaci\u00f3n Ana, liderada por la primera dama del Ecuador, Lavinia Valbonesi, junto a la Universidad San Francisco de Quito USFQ y Decorkasa\/KitchenAid firmaron una alianza estrat\u00e9gica multisectorial para lanzar un proyecto enfocado en panader\u00eda y pasteler\u00eda para mujeres emprendedoras, cuyo prop\u00f3sito es transformar el talento femenino en oportunidades reales y sostenibles. La presencia de [&hellip;]<\/p>\n","protected":false},"author":1,"featured_media":19912,"comment_status":"open","ping_status":"open","sticky":false,"template":"","format":"standard","meta":{"footnotes":""},"categories":[12],"tags":[],"_links":{"self":[{"href":"https:\/\/infozamoraec.com\/index.php\/wp-json\/wp\/v2\/posts\/19911"}],"collection":[{"href":"https:\/\/infozamoraec.com\/index.php\/wp-json\/wp\/v2\/posts"}],"about":[{"href":"https:\/\/infozamoraec.com\/index.php\/wp-json\/wp\/v2\/types\/post"}],"author":[{"embeddable":true,"href":"https:\/\/infozamoraec.com\/index.php\/wp-json\/wp\/v2\/users\/1"}],"replies":[{"embeddable":true,"href":"https:\/\/infozamoraec.com\/index.php\/wp-json\/wp\/v2\/comments?post=19911"}],"version-history":[{"count":1,"href":"https:\/\/infozamoraec.com\/index.php\/wp-json\/wp\/v2\/posts\/19911\/revisions"}],"predecessor-version":[{"id":19913,"href":"https:\/\/infozamoraec.com\/index.php\/wp-json\/wp\/v2\/posts\/19911\/revisions\/19913"}],"wp:featuredmedia":[{"embeddable":true,"href":"https:\/\/infozamoraec.com\/index.php\/wp-json\/wp\/v2\/media\/19912"}],"wp:attachment":[{"href":"https:\/\/infozamoraec.com\/index.php\/wp-json\/wp\/v2\/media?parent=19911"}],"wp:term":[{"taxonomy":"category","embeddable":true,"href":"https:\/\/infozamoraec.com\/index.php\/wp-json\/wp\/v2\/categories?post=19911"},{"taxonomy":"post_tag","embeddable":true,"href":"https:\/\/infozamoraec.com\/index.php\/wp-json\/wp\/v2\/tags?post=19911"}],"curies":[{"name":"wp","href":"https:\/\/api.w.org\/{rel}","templated":true}]}}